{"id":14655,"date":"2018-12-10T14:06:17","date_gmt":"2018-12-10T14:06:17","guid":{"rendered":"https:\/\/sertv.gob.pa\/crisolfm\/?p=14655"},"modified":"2018-12-10T14:06:17","modified_gmt":"2018-12-10T14:06:17","slug":"panama-pais-invitado-en-el-latino-film-market-de-ny","status":"publish","type":"post","link":"https:\/\/sertv.gob.pa\/crisolfm\/panama-pais-invitado-en-el-latino-film-market-de-ny\/","title":{"rendered":"Panam\u00e1: pa\u00eds invitado en el Latino Film Market de NY"},"content":{"rendered":"<p>Este a\u00f1o, Panam\u00e1 ser\u00e1 el pa\u00eds invitado en la segunda versi\u00f3n del Latino Film Market -LFM- una muestra selectiva de 67 proyectos f\u00edlmicos de 19 pa\u00edses, ha informado al Observatorio Panam\u00e1 Afro, la compatriota Argelis Westley, coordinadora de mercadeo. El festival estar\u00e1 abierto al p\u00fablico del 12 al 16 de diciembre 2018. El acto formal de apertura se realizar\u00e1 el viernes 14 en la Universidad de Nueva York (NYU), y contar\u00e1 con el renombrado Porfirio Beteg\u00f3n como maestro de ceremonias. El Latino Film Market se ver\u00e1 prestigiado con la participaci\u00f3n de don Antonio Roberto Morgan, el insigne paname\u00f1o que gest\u00f3 y dirigi\u00f3, por m\u00e1s de 20 a\u00f1os, el primer Festival Internacional de Cine de Panam\u00e1.<\/p>\n<p>Cuatro producciones de cineastas paname\u00f1os ser\u00e1n exhibidas: \u00abSopa\u00bb dirigida por Jorge Montenegro y producida por Abel Aronategui, \u00abDe Hermano a Hermano\u00bb dirigida por Jeremiah Thompson, \u00abPassengers in Transit\u00bb dirigida por Luis Romero, y \u00abSin Pepitas en la Lengua\u00bb con la direcci\u00f3n de Carlos Garc\u00eda de Paredes y Juan Carlos Garc\u00eda de Paredes.En el Latino Film Market se presentar\u00e1n la percusionista \u00abPanam\u00e1\u00bb Torres, y la cantante de salsa, tambi\u00e9n paname\u00f1a, Rossi L\u00f3pez.<\/p>\n<p>&nbsp;<\/p>\n","protected":false},"excerpt":{"rendered":"<p>Este a\u00f1o, Panam\u00e1 ser\u00e1 el pa\u00eds invitado en la segunda <a href=\"https:\/\/sertv.gob.pa\/crisolfm\/panama-pais-invitado-en-el-latino-film-market-de-ny\/\"> [&#8230;]<\/a><\/p>\n","protected":false},"author":64,"featured_media":14656,"comment_status":"closed","ping_status":"closed","sticky":false,"template":"","format":"standard","meta":{"footnotes":""},"categories":[6],"tags":[],"class_list":["post-14655","post","type-post","status-publish","format-standard","has-post-thumbnail","hentry","category-culturales"],"_links":{"self":[{"href":"https:\/\/sertv.gob.pa\/crisolfm\/wp-json\/wp\/v2\/posts\/14655","targetHints":{"allow":["GET"]}}],"collection":[{"href":"https:\/\/sertv.gob.pa\/crisolfm\/wp-json\/wp\/v2\/posts"}],"about":[{"href":"https:\/\/sertv.gob.pa\/crisolfm\/wp-json\/wp\/v2\/types\/post"}],"author":[{"embeddable":true,"href":"https:\/\/sertv.gob.pa\/crisolfm\/wp-json\/wp\/v2\/users\/64"}],"replies":[{"embeddable":true,"href":"https:\/\/sertv.gob.pa\/crisolfm\/wp-json\/wp\/v2\/comments?post=14655"}],"version-history":[{"count":1,"href":"https:\/\/sertv.gob.pa\/crisolfm\/wp-json\/wp\/v2\/posts\/14655\/revisions"}],"predecessor-version":[{"id":14657,"href":"https:\/\/sertv.gob.pa\/crisolfm\/wp-json\/wp\/v2\/posts\/14655\/revisions\/14657"}],"wp:featuredmedia":[{"embeddable":true,"href":"https:\/\/sertv.gob.pa\/crisolfm\/wp-json\/wp\/v2\/media\/14656"}],"wp:attachment":[{"href":"https:\/\/sertv.gob.pa\/crisolfm\/wp-json\/wp\/v2\/media?parent=14655"}],"wp:term":[{"taxonomy":"category","embeddable":true,"href":"https:\/\/sertv.gob.pa\/crisolfm\/wp-json\/wp\/v2\/categories?post=14655"},{"taxonomy":"post_tag","embeddable":true,"href":"https:\/\/sertv.gob.pa\/crisolfm\/wp-json\/wp\/v2\/tags?post=14655"}],"curies":[{"name":"wp","href":"https:\/\/api.w.org\/{rel}","templated":true}]}}