{"id":14698,"date":"2018-12-10T17:41:32","date_gmt":"2018-12-10T17:41:32","guid":{"rendered":"https:\/\/sertv.gob.pa\/crisolfm\/?p=14698"},"modified":"2018-12-10T17:41:32","modified_gmt":"2018-12-10T17:41:32","slug":"el-papiro-de-artemidoro-es-falso","status":"publish","type":"post","link":"https:\/\/sertv.gob.pa\/crisolfm\/el-papiro-de-artemidoro-es-falso\/","title":{"rendered":"El papiro de Artemidoro es falso"},"content":{"rendered":"<p>El papiro de Artemidoro, hasta ahora considerado un documento hist\u00f3rico y atribuido al ge\u00f3grafo del mismo nombre que vivi\u00f3 en el siglo II a.C., es falso, pero el caso ha sido archivado porque el delito de estafa prescribi\u00f3, inform\u00f3 la Fiscal\u00eda de Tur\u00edn (norte) en un comunicado. As\u00ed lo han constatado las investigaciones que ha llevado a cabo la Fiscal\u00eda contra Serop Simonian, un comerciante de arte que en 2004 vendi\u00f3 \u00abcon artificios y enga\u00f1os\u00bb el papiro a la Fundaci\u00f3n para el Arte de la Compa\u00f1\u00eda San Paolo de Tur\u00edn por 2,75 millones de euros.<\/p>\n<p>El Ministerio P\u00fablico ha archivado el caso porque el delito de estafa, cometido en 2004, ha prescrito. Para la Fiscal\u00eda, Simonian present\u00f3 el papiro \u00abcomo una aut\u00e9ntica reliquia y de elevado valor, causando as\u00ed a la parte perjudicada un da\u00f1o patrimonial de relevante gravedad\u00bb. Aunque el caso haya sido archivado, el Ministerio P\u00fablico s\u00ed considera \u00abampliamente probada\u00bb la falsedad del documento.<\/p>\n<p>EFE<\/p>\n","protected":false},"excerpt":{"rendered":"<p>El papiro de Artemidoro, hasta ahora considerado un documento hist\u00f3rico <a href=\"https:\/\/sertv.gob.pa\/crisolfm\/el-papiro-de-artemidoro-es-falso\/\"> [&#8230;]<\/a><\/p>\n","protected":false},"author":64,"featured_media":14699,"comment_status":"closed","ping_status":"closed","sticky":false,"template":"","format":"standard","meta":{"footnotes":""},"categories":[6],"tags":[],"class_list":["post-14698","post","type-post","status-publish","format-standard","has-post-thumbnail","hentry","category-culturales"],"_links":{"self":[{"href":"https:\/\/sertv.gob.pa\/crisolfm\/wp-json\/wp\/v2\/posts\/14698","targetHints":{"allow":["GET"]}}],"collection":[{"href":"https:\/\/sertv.gob.pa\/crisolfm\/wp-json\/wp\/v2\/posts"}],"about":[{"href":"https:\/\/sertv.gob.pa\/crisolfm\/wp-json\/wp\/v2\/types\/post"}],"author":[{"embeddable":true,"href":"https:\/\/sertv.gob.pa\/crisolfm\/wp-json\/wp\/v2\/users\/64"}],"replies":[{"embeddable":true,"href":"https:\/\/sertv.gob.pa\/crisolfm\/wp-json\/wp\/v2\/comments?post=14698"}],"version-history":[{"count":1,"href":"https:\/\/sertv.gob.pa\/crisolfm\/wp-json\/wp\/v2\/posts\/14698\/revisions"}],"predecessor-version":[{"id":14700,"href":"https:\/\/sertv.gob.pa\/crisolfm\/wp-json\/wp\/v2\/posts\/14698\/revisions\/14700"}],"wp:featuredmedia":[{"embeddable":true,"href":"https:\/\/sertv.gob.pa\/crisolfm\/wp-json\/wp\/v2\/media\/14699"}],"wp:attachment":[{"href":"https:\/\/sertv.gob.pa\/crisolfm\/wp-json\/wp\/v2\/media?parent=14698"}],"wp:term":[{"taxonomy":"category","embeddable":true,"href":"https:\/\/sertv.gob.pa\/crisolfm\/wp-json\/wp\/v2\/categories?post=14698"},{"taxonomy":"post_tag","embeddable":true,"href":"https:\/\/sertv.gob.pa\/crisolfm\/wp-json\/wp\/v2\/tags?post=14698"}],"curies":[{"name":"wp","href":"https:\/\/api.w.org\/{rel}","templated":true}]}}