{"id":14716,"date":"2018-12-11T13:04:21","date_gmt":"2018-12-11T13:04:21","guid":{"rendered":"https:\/\/sertv.gob.pa\/crisolfm\/?p=14716"},"modified":"2018-12-11T13:04:21","modified_gmt":"2018-12-11T13:04:21","slug":"teatro-infantil-el-elfo-de-santa-se-presentara-en-la-estacion","status":"publish","type":"post","link":"https:\/\/sertv.gob.pa\/crisolfm\/teatro-infantil-el-elfo-de-santa-se-presentara-en-la-estacion\/","title":{"rendered":"Teatro infantil &#8216;El Elfo de Santa&#8217; se presentar\u00e1 en La Estaci\u00f3n"},"content":{"rendered":"<p>En el Teatro La Estaci\u00f3n se presentar\u00e1 una producci\u00f3n para los m\u00e1s chiquitines de la casa, \u201cEl Elfo de Santa\u201d.<\/p>\n<p><strong>Sinopsis<\/strong><br \/>\nBuddy, criado por Santa Claus en Laponia, el pueblo donde vive Papa Noel, un d\u00eda descubre gracias a las intrigas de Scritch, un elfo envidioso y arrogante, que no es un elfo y fue adoptado. Los organizadores aseguran que ser\u00e1 una comedia divertida, que lleva un mensaje que promueve los valores. Les recomiendan a los peque\u00f1os llevar sus cartitas de Santa. La obra estar\u00e1 disponible de mi\u00e9rcoles a viernes en horarios: 7:30 p.m. Mientras, los s\u00e1bados ser\u00e1 a las 5:00 y 7:00 p.m., y los domingos a las 11:30 a.m., 2:00 y 4:00 p.m.<\/p>\n<p>&nbsp;<\/p>\n","protected":false},"excerpt":{"rendered":"<p>En el Teatro La Estaci\u00f3n se presentar\u00e1 una producci\u00f3n para <a href=\"https:\/\/sertv.gob.pa\/crisolfm\/teatro-infantil-el-elfo-de-santa-se-presentara-en-la-estacion\/\"> [&#8230;]<\/a><\/p>\n","protected":false},"author":64,"featured_media":14717,"comment_status":"closed","ping_status":"closed","sticky":false,"template":"","format":"standard","meta":{"footnotes":""},"categories":[6],"tags":[],"class_list":["post-14716","post","type-post","status-publish","format-standard","has-post-thumbnail","hentry","category-culturales"],"_links":{"self":[{"href":"https:\/\/sertv.gob.pa\/crisolfm\/wp-json\/wp\/v2\/posts\/14716","targetHints":{"allow":["GET"]}}],"collection":[{"href":"https:\/\/sertv.gob.pa\/crisolfm\/wp-json\/wp\/v2\/posts"}],"about":[{"href":"https:\/\/sertv.gob.pa\/crisolfm\/wp-json\/wp\/v2\/types\/post"}],"author":[{"embeddable":true,"href":"https:\/\/sertv.gob.pa\/crisolfm\/wp-json\/wp\/v2\/users\/64"}],"replies":[{"embeddable":true,"href":"https:\/\/sertv.gob.pa\/crisolfm\/wp-json\/wp\/v2\/comments?post=14716"}],"version-history":[{"count":1,"href":"https:\/\/sertv.gob.pa\/crisolfm\/wp-json\/wp\/v2\/posts\/14716\/revisions"}],"predecessor-version":[{"id":14718,"href":"https:\/\/sertv.gob.pa\/crisolfm\/wp-json\/wp\/v2\/posts\/14716\/revisions\/14718"}],"wp:featuredmedia":[{"embeddable":true,"href":"https:\/\/sertv.gob.pa\/crisolfm\/wp-json\/wp\/v2\/media\/14717"}],"wp:attachment":[{"href":"https:\/\/sertv.gob.pa\/crisolfm\/wp-json\/wp\/v2\/media?parent=14716"}],"wp:term":[{"taxonomy":"category","embeddable":true,"href":"https:\/\/sertv.gob.pa\/crisolfm\/wp-json\/wp\/v2\/categories?post=14716"},{"taxonomy":"post_tag","embeddable":true,"href":"https:\/\/sertv.gob.pa\/crisolfm\/wp-json\/wp\/v2\/tags?post=14716"}],"curies":[{"name":"wp","href":"https:\/\/api.w.org\/{rel}","templated":true}]}}