{"id":14741,"date":"2018-12-11T16:05:14","date_gmt":"2018-12-11T16:05:14","guid":{"rendered":"https:\/\/sertv.gob.pa\/crisolfm\/?p=14741"},"modified":"2018-12-11T16:05:14","modified_gmt":"2018-12-11T16:05:14","slug":"francia-prepara-sus-castillos-del-loira-para-recordar-a-da-vinci-en-2019","status":"publish","type":"post","link":"https:\/\/sertv.gob.pa\/crisolfm\/francia-prepara-sus-castillos-del-loira-para-recordar-a-da-vinci-en-2019\/","title":{"rendered":"Francia prepara sus castillos del Loira para recordar a Da Vinci en 2019"},"content":{"rendered":"<p>Los castillos renacentistas del Loira acoger\u00e1n el a\u00f1o que viene m\u00e1s de 500 actividades centradas en el quinto centenario de la muerte del genio italiano Leonardo da Vinci, que muri\u00f3 y fue enterrado en una fortaleza de esta regi\u00f3n. El Valle del Loira, el mayor territorio de Francia inscrito en la lista de Patrimonio Mundial de la Unesco con 280 kil\u00f3metros reconocidos como lugares de inter\u00e9s, present\u00f3 hoy una programaci\u00f3n con la que espera servir de reclamo tur\u00edstico internacional a los amantes de Da Vinci, sepultado en el castillo de Amboise.<\/p>\n<p>A esta localidad de la ribera del Loira viaj\u00f3 Da Vinci en 1516, invitado por el rey Francisco I, llevando consigo sus mayores obras, como \u00abLa Gioconda\u00bb o \u00abSan Juan Bautista\u00bb, as\u00ed como las notas y manuscritos que hab\u00eda creado a lo largo de su vida. Como primer pintor, ingeniero y arquitecto del rey, se instal\u00f3 en el Ch\u00e2teau de Clos Luc\u00e9, junto al castillo real, hasta su muerte en 1519.<\/p>\n<p>EFE<\/p>\n","protected":false},"excerpt":{"rendered":"<p>Los castillos renacentistas del Loira acoger\u00e1n el a\u00f1o que viene <a href=\"https:\/\/sertv.gob.pa\/crisolfm\/francia-prepara-sus-castillos-del-loira-para-recordar-a-da-vinci-en-2019\/\"> [&#8230;]<\/a><\/p>\n","protected":false},"author":64,"featured_media":14742,"comment_status":"closed","ping_status":"closed","sticky":false,"template":"","format":"standard","meta":{"footnotes":""},"categories":[6],"tags":[],"class_list":["post-14741","post","type-post","status-publish","format-standard","has-post-thumbnail","hentry","category-culturales"],"_links":{"self":[{"href":"https:\/\/sertv.gob.pa\/crisolfm\/wp-json\/wp\/v2\/posts\/14741","targetHints":{"allow":["GET"]}}],"collection":[{"href":"https:\/\/sertv.gob.pa\/crisolfm\/wp-json\/wp\/v2\/posts"}],"about":[{"href":"https:\/\/sertv.gob.pa\/crisolfm\/wp-json\/wp\/v2\/types\/post"}],"author":[{"embeddable":true,"href":"https:\/\/sertv.gob.pa\/crisolfm\/wp-json\/wp\/v2\/users\/64"}],"replies":[{"embeddable":true,"href":"https:\/\/sertv.gob.pa\/crisolfm\/wp-json\/wp\/v2\/comments?post=14741"}],"version-history":[{"count":1,"href":"https:\/\/sertv.gob.pa\/crisolfm\/wp-json\/wp\/v2\/posts\/14741\/revisions"}],"predecessor-version":[{"id":14743,"href":"https:\/\/sertv.gob.pa\/crisolfm\/wp-json\/wp\/v2\/posts\/14741\/revisions\/14743"}],"wp:featuredmedia":[{"embeddable":true,"href":"https:\/\/sertv.gob.pa\/crisolfm\/wp-json\/wp\/v2\/media\/14742"}],"wp:attachment":[{"href":"https:\/\/sertv.gob.pa\/crisolfm\/wp-json\/wp\/v2\/media?parent=14741"}],"wp:term":[{"taxonomy":"category","embeddable":true,"href":"https:\/\/sertv.gob.pa\/crisolfm\/wp-json\/wp\/v2\/categories?post=14741"},{"taxonomy":"post_tag","embeddable":true,"href":"https:\/\/sertv.gob.pa\/crisolfm\/wp-json\/wp\/v2\/tags?post=14741"}],"curies":[{"name":"wp","href":"https:\/\/api.w.org\/{rel}","templated":true}]}}