{"id":14748,"date":"2018-12-12T12:30:29","date_gmt":"2018-12-12T12:30:29","guid":{"rendered":"https:\/\/sertv.gob.pa\/crisolfm\/?p=14748"},"modified":"2018-12-12T12:30:29","modified_gmt":"2018-12-12T12:30:29","slug":"panama-jazz-festival-del-14-al-19-de-enero-de-2019","status":"publish","type":"post","link":"https:\/\/sertv.gob.pa\/crisolfm\/panama-jazz-festival-del-14-al-19-de-enero-de-2019\/","title":{"rendered":"Panam\u00e1 Jazz Festival del 14 al 19 de Enero de 2019"},"content":{"rendered":"<p>La d\u00e9cimo sexta edici\u00f3n del Panam\u00e1 Jazz Festival contar\u00e1 con varias tem\u00e1ticas en el mes de enero, entre ellas cl\u00ednicas como: un master class, simposio de musicoterapia, simposio de etnia negra, intercambio de m\u00fasica cl\u00e1sica, audiciones, adem\u00e1s de un gran concierto de gala el 16 de enero, y mucho m\u00e1s.<\/p>\n<p>Se trata de una actividad organizada por Danilo P\u00e9rez en el que puede participar la familia completa. Este festival de Jazz tendr\u00e1 lugar del 14 al 19 de enero de 2019 en la Ciudad del Saber.<\/p>\n<p>&nbsp;<\/p>\n<p>&nbsp;<\/p>\n","protected":false},"excerpt":{"rendered":"<p>La d\u00e9cimo sexta edici\u00f3n del Panam\u00e1 Jazz Festival contar\u00e1 con <a href=\"https:\/\/sertv.gob.pa\/crisolfm\/panama-jazz-festival-del-14-al-19-de-enero-de-2019\/\"> [&#8230;]<\/a><\/p>\n","protected":false},"author":64,"featured_media":14750,"comment_status":"closed","ping_status":"closed","sticky":false,"template":"","format":"standard","meta":{"footnotes":""},"categories":[6],"tags":[],"class_list":["post-14748","post","type-post","status-publish","format-standard","has-post-thumbnail","hentry","category-culturales"],"_links":{"self":[{"href":"https:\/\/sertv.gob.pa\/crisolfm\/wp-json\/wp\/v2\/posts\/14748","targetHints":{"allow":["GET"]}}],"collection":[{"href":"https:\/\/sertv.gob.pa\/crisolfm\/wp-json\/wp\/v2\/posts"}],"about":[{"href":"https:\/\/sertv.gob.pa\/crisolfm\/wp-json\/wp\/v2\/types\/post"}],"author":[{"embeddable":true,"href":"https:\/\/sertv.gob.pa\/crisolfm\/wp-json\/wp\/v2\/users\/64"}],"replies":[{"embeddable":true,"href":"https:\/\/sertv.gob.pa\/crisolfm\/wp-json\/wp\/v2\/comments?post=14748"}],"version-history":[{"count":1,"href":"https:\/\/sertv.gob.pa\/crisolfm\/wp-json\/wp\/v2\/posts\/14748\/revisions"}],"predecessor-version":[{"id":14751,"href":"https:\/\/sertv.gob.pa\/crisolfm\/wp-json\/wp\/v2\/posts\/14748\/revisions\/14751"}],"wp:featuredmedia":[{"embeddable":true,"href":"https:\/\/sertv.gob.pa\/crisolfm\/wp-json\/wp\/v2\/media\/14750"}],"wp:attachment":[{"href":"https:\/\/sertv.gob.pa\/crisolfm\/wp-json\/wp\/v2\/media?parent=14748"}],"wp:term":[{"taxonomy":"category","embeddable":true,"href":"https:\/\/sertv.gob.pa\/crisolfm\/wp-json\/wp\/v2\/categories?post=14748"},{"taxonomy":"post_tag","embeddable":true,"href":"https:\/\/sertv.gob.pa\/crisolfm\/wp-json\/wp\/v2\/tags?post=14748"}],"curies":[{"name":"wp","href":"https:\/\/api.w.org\/{rel}","templated":true}]}}