{"id":14752,"date":"2018-12-12T12:35:32","date_gmt":"2018-12-12T12:35:32","guid":{"rendered":"https:\/\/sertv.gob.pa\/crisolfm\/?p=14752"},"modified":"2018-12-12T12:35:32","modified_gmt":"2018-12-12T12:35:32","slug":"argentina-celebra-dia-del-tango-recordando-su-origen-mestizo-y-negro","status":"publish","type":"post","link":"https:\/\/sertv.gob.pa\/crisolfm\/argentina-celebra-dia-del-tango-recordando-su-origen-mestizo-y-negro\/","title":{"rendered":"Argentina celebra D\u00eda del Tango recordando su origen mestizo y negro"},"content":{"rendered":"<p>Argentina celebr\u00f3 su D\u00eda Nacional del Tango con una agenda de actividades promovida por organismos p\u00fablicos y entidades culturales, y el recuerdo del origen mestizo y negro de su baile m\u00e1s internacional. El d\u00eda conmemora la fecha de nacimiento en 1890 de Carlos Gardel, el artista m\u00e1s afamado del g\u00e9nero que destac\u00f3 por inaugurar con su voz el tango canci\u00f3n, y en 1899 de Julio De Caro, violinista, compositor y director, considerado referente del movimiento evolucionista del tango.<\/p>\n<p>Sin embargo, este a\u00f1o el Ministerio de Educaci\u00f3n y\u00a0Cultura\u00a0quiso sacar a la luz sus ra\u00edces en la\u00a0cultura\u00a0afrodescendiente de Argentina, y es que la palabra tango aparece desde el siglo XVIII siempre vinculada a pr\u00e1cticas musicales y de danzas de negros. En una nota publicada en su p\u00e1gina web, el ministerio mostr\u00f3 los hallazgos de Pablo Cirio, antrop\u00f3logo del Instituto Nacional de Musicolog\u00eda Carlos Vega, quien estudi\u00f3 el g\u00e9nero \u00abdesde una perspectiva multi\u00e9tnica y pluricultural\u00bb. Seg\u00fan Cirio, los inmigrantes europeos enriquecieron e hicieron evolucionar el tango a lo que hoy se conoce, pero en su origen fue negro y vinculado a la milonga urbana, el candombe y otros g\u00e9neros africanos de Buenos Aires.<\/p>\n<p>EFE<\/p>\n","protected":false},"excerpt":{"rendered":"<p>Argentina celebr\u00f3 su D\u00eda Nacional del Tango con una agenda <a href=\"https:\/\/sertv.gob.pa\/crisolfm\/argentina-celebra-dia-del-tango-recordando-su-origen-mestizo-y-negro\/\"> [&#8230;]<\/a><\/p>\n","protected":false},"author":64,"featured_media":14754,"comment_status":"closed","ping_status":"closed","sticky":false,"template":"","format":"standard","meta":{"footnotes":""},"categories":[6],"tags":[],"class_list":["post-14752","post","type-post","status-publish","format-standard","has-post-thumbnail","hentry","category-culturales"],"_links":{"self":[{"href":"https:\/\/sertv.gob.pa\/crisolfm\/wp-json\/wp\/v2\/posts\/14752","targetHints":{"allow":["GET"]}}],"collection":[{"href":"https:\/\/sertv.gob.pa\/crisolfm\/wp-json\/wp\/v2\/posts"}],"about":[{"href":"https:\/\/sertv.gob.pa\/crisolfm\/wp-json\/wp\/v2\/types\/post"}],"author":[{"embeddable":true,"href":"https:\/\/sertv.gob.pa\/crisolfm\/wp-json\/wp\/v2\/users\/64"}],"replies":[{"embeddable":true,"href":"https:\/\/sertv.gob.pa\/crisolfm\/wp-json\/wp\/v2\/comments?post=14752"}],"version-history":[{"count":1,"href":"https:\/\/sertv.gob.pa\/crisolfm\/wp-json\/wp\/v2\/posts\/14752\/revisions"}],"predecessor-version":[{"id":14755,"href":"https:\/\/sertv.gob.pa\/crisolfm\/wp-json\/wp\/v2\/posts\/14752\/revisions\/14755"}],"wp:featuredmedia":[{"embeddable":true,"href":"https:\/\/sertv.gob.pa\/crisolfm\/wp-json\/wp\/v2\/media\/14754"}],"wp:attachment":[{"href":"https:\/\/sertv.gob.pa\/crisolfm\/wp-json\/wp\/v2\/media?parent=14752"}],"wp:term":[{"taxonomy":"category","embeddable":true,"href":"https:\/\/sertv.gob.pa\/crisolfm\/wp-json\/wp\/v2\/categories?post=14752"},{"taxonomy":"post_tag","embeddable":true,"href":"https:\/\/sertv.gob.pa\/crisolfm\/wp-json\/wp\/v2\/tags?post=14752"}],"curies":[{"name":"wp","href":"https:\/\/api.w.org\/{rel}","templated":true}]}}