{"id":14800,"date":"2018-12-13T12:21:03","date_gmt":"2018-12-13T12:21:03","guid":{"rendered":"https:\/\/sertv.gob.pa\/crisolfm\/?p=14800"},"modified":"2018-12-13T12:21:03","modified_gmt":"2018-12-13T12:21:03","slug":"desfile-brilla-navidad-sera-este-domingo-16-de-diciembre","status":"publish","type":"post","link":"https:\/\/sertv.gob.pa\/crisolfm\/desfile-brilla-navidad-sera-este-domingo-16-de-diciembre\/","title":{"rendered":"Desfile \u201cBrilla Navidad\u201d ser\u00e1 este domingo 16 de diciembre"},"content":{"rendered":"<p>Todo est\u00e1 listo para el Gran Desfile Brilla Navidad, este domingo 16 de diciembre en la Cinta Costera, en el que se espera la participaci\u00f3n de 12 carros aleg\u00f3ricos. La ruta se extiende desde el primer gazebo cerca del Mirador del Pac\u00edfico hasta la \u00faltima plazoleta de estacionamientos sobre esta avenida.<\/p>\n<p>Se tiene programado abrir las puertas a las 2:30 p.m. El inicio del desfile ser\u00e1 a las 5:00 p.m. para culminar a las 7:30 p.m. con un show de fuegos artificiales. Igualmente contar\u00e1 con tarimas art\u00edsticas, un cuerpo de baile de m\u00e1s de 245 personas y 18 bandas musicales. La parada estar\u00e1 dividida en 2 bloques de carros aleg\u00f3ricos: uno con alegor\u00edas por los 500 a\u00f1os de fundaci\u00f3n de la ciudad de Panam\u00e1 y el segundo consagrado a la \u00e9poca navide\u00f1a.<\/p>\n<p>&nbsp;<\/p>\n","protected":false},"excerpt":{"rendered":"<p>Todo est\u00e1 listo para el Gran Desfile Brilla Navidad, este <a href=\"https:\/\/sertv.gob.pa\/crisolfm\/desfile-brilla-navidad-sera-este-domingo-16-de-diciembre\/\"> [&#8230;]<\/a><\/p>\n","protected":false},"author":64,"featured_media":14802,"comment_status":"closed","ping_status":"closed","sticky":false,"template":"","format":"standard","meta":{"footnotes":""},"categories":[6],"tags":[],"class_list":["post-14800","post","type-post","status-publish","format-standard","has-post-thumbnail","hentry","category-culturales"],"_links":{"self":[{"href":"https:\/\/sertv.gob.pa\/crisolfm\/wp-json\/wp\/v2\/posts\/14800","targetHints":{"allow":["GET"]}}],"collection":[{"href":"https:\/\/sertv.gob.pa\/crisolfm\/wp-json\/wp\/v2\/posts"}],"about":[{"href":"https:\/\/sertv.gob.pa\/crisolfm\/wp-json\/wp\/v2\/types\/post"}],"author":[{"embeddable":true,"href":"https:\/\/sertv.gob.pa\/crisolfm\/wp-json\/wp\/v2\/users\/64"}],"replies":[{"embeddable":true,"href":"https:\/\/sertv.gob.pa\/crisolfm\/wp-json\/wp\/v2\/comments?post=14800"}],"version-history":[{"count":1,"href":"https:\/\/sertv.gob.pa\/crisolfm\/wp-json\/wp\/v2\/posts\/14800\/revisions"}],"predecessor-version":[{"id":14803,"href":"https:\/\/sertv.gob.pa\/crisolfm\/wp-json\/wp\/v2\/posts\/14800\/revisions\/14803"}],"wp:featuredmedia":[{"embeddable":true,"href":"https:\/\/sertv.gob.pa\/crisolfm\/wp-json\/wp\/v2\/media\/14802"}],"wp:attachment":[{"href":"https:\/\/sertv.gob.pa\/crisolfm\/wp-json\/wp\/v2\/media?parent=14800"}],"wp:term":[{"taxonomy":"category","embeddable":true,"href":"https:\/\/sertv.gob.pa\/crisolfm\/wp-json\/wp\/v2\/categories?post=14800"},{"taxonomy":"post_tag","embeddable":true,"href":"https:\/\/sertv.gob.pa\/crisolfm\/wp-json\/wp\/v2\/tags?post=14800"}],"curies":[{"name":"wp","href":"https:\/\/api.w.org\/{rel}","templated":true}]}}