{"id":14804,"date":"2018-12-13T12:29:56","date_gmt":"2018-12-13T12:29:56","guid":{"rendered":"https:\/\/sertv.gob.pa\/crisolfm\/?p=14804"},"modified":"2018-12-13T12:29:56","modified_gmt":"2018-12-13T12:29:56","slug":"panama-sera-representada-por-margarita-henriquez-en-vina-del-mar-2019","status":"publish","type":"post","link":"https:\/\/sertv.gob.pa\/crisolfm\/panama-sera-representada-por-margarita-henriquez-en-vina-del-mar-2019\/","title":{"rendered":"Panam\u00e1 ser\u00e1 representada por Margarita Henr\u00edquez en Vi\u00f1a del Mar 2019"},"content":{"rendered":"<p>La cantante paname\u00f1a Margarita Henr\u00edquez fue seleccionada para representar a Panam\u00e1 en la versi\u00f3n N\u00ba 60 del Festival Internacional de la Canci\u00f3n de Vi\u00f1a del Mar, en la categor\u00eda folklore. Henr\u00edquez, interpretar\u00e1 la canci\u00f3n \u2018Mi tierra llora\u2019, cual fue seleccionada de m\u00e1s de 600 canciones.<\/p>\n<p>La informaci\u00f3n fue confirmada por la ganadora de Latin American Idol 2008 en su cuenta de Instagram, donde comparti\u00f3 su emoci\u00f3n por ser escogida para esta categor\u00eda en la que competir\u00e1 con otras 5 canciones m\u00e1s. El festival tendr\u00e1 lugar en la ciudad de Vi\u00f1a del Mar, Chile, entre el 24 de febrero y el 1 de marzo de 2019, y deber\u00e1 de estar presente para la presentaci\u00f3n de su canci\u00f3n desde el 17 de febrero de 2019.<\/p>\n<p>&nbsp;<\/p>\n","protected":false},"excerpt":{"rendered":"<p>La cantante paname\u00f1a Margarita Henr\u00edquez fue seleccionada para representar a <a href=\"https:\/\/sertv.gob.pa\/crisolfm\/panama-sera-representada-por-margarita-henriquez-en-vina-del-mar-2019\/\"> [&#8230;]<\/a><\/p>\n","protected":false},"author":64,"featured_media":14806,"comment_status":"closed","ping_status":"closed","sticky":false,"template":"","format":"standard","meta":{"footnotes":""},"categories":[6],"tags":[],"class_list":["post-14804","post","type-post","status-publish","format-standard","has-post-thumbnail","hentry","category-culturales"],"_links":{"self":[{"href":"https:\/\/sertv.gob.pa\/crisolfm\/wp-json\/wp\/v2\/posts\/14804","targetHints":{"allow":["GET"]}}],"collection":[{"href":"https:\/\/sertv.gob.pa\/crisolfm\/wp-json\/wp\/v2\/posts"}],"about":[{"href":"https:\/\/sertv.gob.pa\/crisolfm\/wp-json\/wp\/v2\/types\/post"}],"author":[{"embeddable":true,"href":"https:\/\/sertv.gob.pa\/crisolfm\/wp-json\/wp\/v2\/users\/64"}],"replies":[{"embeddable":true,"href":"https:\/\/sertv.gob.pa\/crisolfm\/wp-json\/wp\/v2\/comments?post=14804"}],"version-history":[{"count":1,"href":"https:\/\/sertv.gob.pa\/crisolfm\/wp-json\/wp\/v2\/posts\/14804\/revisions"}],"predecessor-version":[{"id":14807,"href":"https:\/\/sertv.gob.pa\/crisolfm\/wp-json\/wp\/v2\/posts\/14804\/revisions\/14807"}],"wp:featuredmedia":[{"embeddable":true,"href":"https:\/\/sertv.gob.pa\/crisolfm\/wp-json\/wp\/v2\/media\/14806"}],"wp:attachment":[{"href":"https:\/\/sertv.gob.pa\/crisolfm\/wp-json\/wp\/v2\/media?parent=14804"}],"wp:term":[{"taxonomy":"category","embeddable":true,"href":"https:\/\/sertv.gob.pa\/crisolfm\/wp-json\/wp\/v2\/categories?post=14804"},{"taxonomy":"post_tag","embeddable":true,"href":"https:\/\/sertv.gob.pa\/crisolfm\/wp-json\/wp\/v2\/tags?post=14804"}],"curies":[{"name":"wp","href":"https:\/\/api.w.org\/{rel}","templated":true}]}}