{"id":14810,"date":"2018-12-13T12:44:07","date_gmt":"2018-12-13T12:44:07","guid":{"rendered":"https:\/\/sertv.gob.pa\/crisolfm\/?p=14810"},"modified":"2018-12-13T12:44:07","modified_gmt":"2018-12-13T12:44:07","slug":"placido-domingo-celebra-50-anos-en-la-opera-neoyorquina-con-la-misma-pasion","status":"publish","type":"post","link":"https:\/\/sertv.gob.pa\/crisolfm\/placido-domingo-celebra-50-anos-en-la-opera-neoyorquina-con-la-misma-pasion\/","title":{"rendered":"Pl\u00e1cido Domingo celebra 50 a\u00f1os en la \u00f3pera neoyorquina con la \u00abmisma pasi\u00f3n\u00bb"},"content":{"rendered":"<p>El tenor espa\u00f1ol Pl\u00e1cido Domingo celebra estos d\u00edas medio siglo de carrera en el Metropolitan Opera de Nueva York (Met Opera), escenario al que subi\u00f3 en 1968 y del que no ha bajado. Entre el Domingo veintea\u00f1ero de entonces y el actual \u00abla diferencia no es nada m\u00e1s que cincuenta a\u00f1os; la pasi\u00f3n es la misma\u00bb, seg\u00fan dijo \u00a0a un grupo de periodistas en el Metropolitan Club de la Gran Manzana, donde recibi\u00f3 el premio Reina Sof\u00eda a la excelencia, otorgado por la propia do\u00f1a Sof\u00eda.<\/p>\n<p>\u00abNo me lo creo, el tiempo pasa tan r\u00e1pido que no puedo pensar que han pasado 50 a\u00f1os. Sobre todo, los \u00faltimos 20 a\u00f1os me parece que sean 5. Pero a todos nos pasa lo mismo, se va a una velocidad estrepitosa\u00bb, reflexion\u00f3 el cantante, para concluir con un apacible \u00abbueno, as\u00ed es la vida\u00bb. Domingo, nacido en Madrid en 1941, se meti\u00f3 de nuevo este mi\u00e9rcoles como bar\u00edtono en el papel principal de Schicchi, en una obra de Puccini que a su vez cumple 100 a\u00f1os desde que se estren\u00f3, que el pasado 24 de noviembre le mereci\u00f3 una ovaci\u00f3n por la que era su actuaci\u00f3n n\u00famero 861 en la prestigiosa casa neoyorquina.<\/p>\n<p>EFE<\/p>\n","protected":false},"excerpt":{"rendered":"<p>El tenor espa\u00f1ol Pl\u00e1cido Domingo celebra estos d\u00edas medio siglo <a href=\"https:\/\/sertv.gob.pa\/crisolfm\/placido-domingo-celebra-50-anos-en-la-opera-neoyorquina-con-la-misma-pasion\/\"> [&#8230;]<\/a><\/p>\n","protected":false},"author":64,"featured_media":14812,"comment_status":"closed","ping_status":"closed","sticky":false,"template":"","format":"standard","meta":{"footnotes":""},"categories":[6],"tags":[],"class_list":["post-14810","post","type-post","status-publish","format-standard","has-post-thumbnail","hentry","category-culturales"],"_links":{"self":[{"href":"https:\/\/sertv.gob.pa\/crisolfm\/wp-json\/wp\/v2\/posts\/14810","targetHints":{"allow":["GET"]}}],"collection":[{"href":"https:\/\/sertv.gob.pa\/crisolfm\/wp-json\/wp\/v2\/posts"}],"about":[{"href":"https:\/\/sertv.gob.pa\/crisolfm\/wp-json\/wp\/v2\/types\/post"}],"author":[{"embeddable":true,"href":"https:\/\/sertv.gob.pa\/crisolfm\/wp-json\/wp\/v2\/users\/64"}],"replies":[{"embeddable":true,"href":"https:\/\/sertv.gob.pa\/crisolfm\/wp-json\/wp\/v2\/comments?post=14810"}],"version-history":[{"count":1,"href":"https:\/\/sertv.gob.pa\/crisolfm\/wp-json\/wp\/v2\/posts\/14810\/revisions"}],"predecessor-version":[{"id":14813,"href":"https:\/\/sertv.gob.pa\/crisolfm\/wp-json\/wp\/v2\/posts\/14810\/revisions\/14813"}],"wp:featuredmedia":[{"embeddable":true,"href":"https:\/\/sertv.gob.pa\/crisolfm\/wp-json\/wp\/v2\/media\/14812"}],"wp:attachment":[{"href":"https:\/\/sertv.gob.pa\/crisolfm\/wp-json\/wp\/v2\/media?parent=14810"}],"wp:term":[{"taxonomy":"category","embeddable":true,"href":"https:\/\/sertv.gob.pa\/crisolfm\/wp-json\/wp\/v2\/categories?post=14810"},{"taxonomy":"post_tag","embeddable":true,"href":"https:\/\/sertv.gob.pa\/crisolfm\/wp-json\/wp\/v2\/tags?post=14810"}],"curies":[{"name":"wp","href":"https:\/\/api.w.org\/{rel}","templated":true}]}}