{"id":14858,"date":"2018-12-13T17:46:35","date_gmt":"2018-12-13T17:46:35","guid":{"rendered":"https:\/\/sertv.gob.pa\/crisolfm\/?p=14858"},"modified":"2018-12-13T17:46:35","modified_gmt":"2018-12-13T17:46:35","slug":"gaudi-llega-a-la-jmj-panama-2019","status":"publish","type":"post","link":"https:\/\/sertv.gob.pa\/crisolfm\/gaudi-llega-a-la-jmj-panama-2019\/","title":{"rendered":"Gaud\u00ed llega a la JMJ Panam\u00e1 2019"},"content":{"rendered":"<p>Con motivo de la Jornada Mundial de la Juventud Panam\u00e1 2019, llegar\u00e1 a nuestro pa\u00eds la exposici\u00f3n Gaud\u00ed, hijo de Mar\u00eda como un proyecto pensado expresamente para la JMJ de Panam\u00e1 por la relaci\u00f3n entre la figura del Siervo de Dios Antoni Gaud\u00ed y el lema que el Santo Padre Francisco ha propuesto a los j\u00f3venes para este encuentro: \u201cHe aqu\u00ed la sierva del Se\u00f1or, h\u00e1gase en m\u00ed seg\u00fan tu palabra\u201d (Lc. 1, 38). \u00a0Esta exposici\u00f3n que consta de seis cap\u00edtulos, busca proyectar la vida del famoso arquitecto acompa\u00f1ado de la Virgen Mar\u00eda como camino de vida hacia Jes\u00fas, como siervo del Se\u00f1or, que a pesar de contar con un talento indiscutible y de gran fama en la sociedad, se abandon\u00f3 al servicio de los pobres, desarrollando sus obras en las periferias de su \u00e9poca.<\/p>\n<p>Esta exhibici\u00f3n tendr\u00e1 como sede las instalaciones del Auditorio del Biomuseo, ubicado en Amador, a partir del lunes 21 de enero de 2019 cuando se d\u00e9 formalmente apertura a las 10:30 de la ma\u00f1ana, hasta el 7 de febrero, de modo que tanto nacionales como extranjeros puedan visitarla. Durante los d\u00edas de jornada, del 22 al 26 de enero, la exposici\u00f3n estar\u00e1 abierta al p\u00fablico desde las 10:00 de la ma\u00f1ana hasta las 11:00 de la noche. Mientras que los d\u00edas siguientes se mantendr\u00e1 seg\u00fan los horarios regulares del Biomuseo. En todas las fechas la entrada ser\u00e1 gratuita.<\/p>\n<p>&nbsp;<\/p>\n<p>&nbsp;<\/p>\n","protected":false},"excerpt":{"rendered":"<p>Con motivo de la Jornada Mundial de la Juventud Panam\u00e1 <a href=\"https:\/\/sertv.gob.pa\/crisolfm\/gaudi-llega-a-la-jmj-panama-2019\/\"> [&#8230;]<\/a><\/p>\n","protected":false},"author":64,"featured_media":14860,"comment_status":"closed","ping_status":"closed","sticky":false,"template":"","format":"standard","meta":{"footnotes":""},"categories":[6],"tags":[],"class_list":["post-14858","post","type-post","status-publish","format-standard","has-post-thumbnail","hentry","category-culturales"],"_links":{"self":[{"href":"https:\/\/sertv.gob.pa\/crisolfm\/wp-json\/wp\/v2\/posts\/14858","targetHints":{"allow":["GET"]}}],"collection":[{"href":"https:\/\/sertv.gob.pa\/crisolfm\/wp-json\/wp\/v2\/posts"}],"about":[{"href":"https:\/\/sertv.gob.pa\/crisolfm\/wp-json\/wp\/v2\/types\/post"}],"author":[{"embeddable":true,"href":"https:\/\/sertv.gob.pa\/crisolfm\/wp-json\/wp\/v2\/users\/64"}],"replies":[{"embeddable":true,"href":"https:\/\/sertv.gob.pa\/crisolfm\/wp-json\/wp\/v2\/comments?post=14858"}],"version-history":[{"count":1,"href":"https:\/\/sertv.gob.pa\/crisolfm\/wp-json\/wp\/v2\/posts\/14858\/revisions"}],"predecessor-version":[{"id":14861,"href":"https:\/\/sertv.gob.pa\/crisolfm\/wp-json\/wp\/v2\/posts\/14858\/revisions\/14861"}],"wp:featuredmedia":[{"embeddable":true,"href":"https:\/\/sertv.gob.pa\/crisolfm\/wp-json\/wp\/v2\/media\/14860"}],"wp:attachment":[{"href":"https:\/\/sertv.gob.pa\/crisolfm\/wp-json\/wp\/v2\/media?parent=14858"}],"wp:term":[{"taxonomy":"category","embeddable":true,"href":"https:\/\/sertv.gob.pa\/crisolfm\/wp-json\/wp\/v2\/categories?post=14858"},{"taxonomy":"post_tag","embeddable":true,"href":"https:\/\/sertv.gob.pa\/crisolfm\/wp-json\/wp\/v2\/tags?post=14858"}],"curies":[{"name":"wp","href":"https:\/\/api.w.org\/{rel}","templated":true}]}}