{"id":14870,"date":"2018-12-14T12:59:29","date_gmt":"2018-12-14T12:59:29","guid":{"rendered":"https:\/\/sertv.gob.pa\/crisolfm\/?p=14870"},"modified":"2018-12-14T12:59:29","modified_gmt":"2018-12-14T12:59:29","slug":"la-teleton-20-30-inicia-esta-noche","status":"publish","type":"post","link":"https:\/\/sertv.gob.pa\/crisolfm\/la-teleton-20-30-inicia-esta-noche\/","title":{"rendered":"La Telet\u00f3n 20-30 inicia esta noche"},"content":{"rendered":"<p>La Telet\u00f3n 20-30 de Panam\u00e1 comenzar\u00e1 esta noche y culminar\u00e1 ma\u00f1ana s\u00e1bado a la media noche, con una tanda de artistas nacionales e internacionales que donar\u00e1n su tiempo para el proyecto meta 2018, Fundaci\u00f3n Pro Integraci\u00f3n y la creaci\u00f3n del 1er Centro de Innovaci\u00f3n Educativa ProEd 20-30.<\/p>\n<p>M\u00fasicos de la talla de Iv\u00e1n Barrios, Ismael Miranda, el cantante cubano de m\u00fasica cat\u00f3lica Joan S\u00e1nchez y Ricardo y Alberto Gait\u00e1n, son algunos de los int\u00e9rpretes que se presentar\u00e1n en esta actividad. Los hermanos paname\u00f1os estrenar\u00e1n el tema \u201cLa Bendici\u00f3n\u201d, que ya han promocionado en diversos medios y en el cual intervienen cantantes como Keny y Kiara, Emilio Regueira, Manuel Corredera, Japanese, Comando Tibur\u00f3n, Phantom, Mr. Saik, Akim, Osvaldo Ayala, El Roockie y Makano. Este a\u00f1o disfrutaremos de grupos de baile de zumba, bandas de m\u00fasica y una presentaci\u00f3n de equipos de JMJ 2019.<\/p>\n<p>&nbsp;<\/p>\n<p>&nbsp;<\/p>\n","protected":false},"excerpt":{"rendered":"<p>La Telet\u00f3n 20-30 de Panam\u00e1 comenzar\u00e1 esta noche y culminar\u00e1 <a href=\"https:\/\/sertv.gob.pa\/crisolfm\/la-teleton-20-30-inicia-esta-noche\/\"> [&#8230;]<\/a><\/p>\n","protected":false},"author":64,"featured_media":14872,"comment_status":"closed","ping_status":"closed","sticky":false,"template":"","format":"standard","meta":{"footnotes":""},"categories":[6],"tags":[],"class_list":["post-14870","post","type-post","status-publish","format-standard","has-post-thumbnail","hentry","category-culturales"],"_links":{"self":[{"href":"https:\/\/sertv.gob.pa\/crisolfm\/wp-json\/wp\/v2\/posts\/14870","targetHints":{"allow":["GET"]}}],"collection":[{"href":"https:\/\/sertv.gob.pa\/crisolfm\/wp-json\/wp\/v2\/posts"}],"about":[{"href":"https:\/\/sertv.gob.pa\/crisolfm\/wp-json\/wp\/v2\/types\/post"}],"author":[{"embeddable":true,"href":"https:\/\/sertv.gob.pa\/crisolfm\/wp-json\/wp\/v2\/users\/64"}],"replies":[{"embeddable":true,"href":"https:\/\/sertv.gob.pa\/crisolfm\/wp-json\/wp\/v2\/comments?post=14870"}],"version-history":[{"count":1,"href":"https:\/\/sertv.gob.pa\/crisolfm\/wp-json\/wp\/v2\/posts\/14870\/revisions"}],"predecessor-version":[{"id":14873,"href":"https:\/\/sertv.gob.pa\/crisolfm\/wp-json\/wp\/v2\/posts\/14870\/revisions\/14873"}],"wp:featuredmedia":[{"embeddable":true,"href":"https:\/\/sertv.gob.pa\/crisolfm\/wp-json\/wp\/v2\/media\/14872"}],"wp:attachment":[{"href":"https:\/\/sertv.gob.pa\/crisolfm\/wp-json\/wp\/v2\/media?parent=14870"}],"wp:term":[{"taxonomy":"category","embeddable":true,"href":"https:\/\/sertv.gob.pa\/crisolfm\/wp-json\/wp\/v2\/categories?post=14870"},{"taxonomy":"post_tag","embeddable":true,"href":"https:\/\/sertv.gob.pa\/crisolfm\/wp-json\/wp\/v2\/tags?post=14870"}],"curies":[{"name":"wp","href":"https:\/\/api.w.org\/{rel}","templated":true}]}}