{"id":14884,"date":"2018-12-14T13:33:32","date_gmt":"2018-12-14T13:33:32","guid":{"rendered":"https:\/\/sertv.gob.pa\/crisolfm\/?p=14884"},"modified":"2018-12-14T13:33:32","modified_gmt":"2018-12-14T13:33:32","slug":"rosa-iveth-montezuma-demostro-seguridad-en-preliminar-de-miss-universo","status":"publish","type":"post","link":"https:\/\/sertv.gob.pa\/crisolfm\/rosa-iveth-montezuma-demostro-seguridad-en-preliminar-de-miss-universo\/","title":{"rendered":"Rosa Iveth Montezuma demostr\u00f3 seguridad en preliminar de Miss Universo"},"content":{"rendered":"<p>Con seguridad y elegancia, Rosa Iveth Montezuma, representante de Panam\u00e1 en el Miss Universo 2018, sali\u00f3 en la pasarela de la preliminar en la competencia. En su primera aparici\u00f3n en el escenario, Montezuma, luci\u00f3 un vestido color rojo, gritando el nombre de Panam\u00e1 con firmeza y con una gran sonrisa. Posteriormente, durante la pasarela en traje de ba\u00f1o, la se\u00f1orita Panam\u00e1 mostro seguridad de s\u00ed misma.<\/p>\n<p>Esta fase de la competencia es s\u00faper importante, luego de la misma, el jurado escoger\u00e1 qui\u00e9nes ser\u00e1n las 20 finalistas que desfilar\u00e1n este domingo 16 de diciembre. El evento de belleza se lleva a cabo en Bangkok, Tailandia.<\/p>\n<p>&nbsp;<\/p>\n","protected":false},"excerpt":{"rendered":"<p>Con seguridad y elegancia, Rosa Iveth Montezuma, representante de Panam\u00e1 <a href=\"https:\/\/sertv.gob.pa\/crisolfm\/rosa-iveth-montezuma-demostro-seguridad-en-preliminar-de-miss-universo\/\"> [&#8230;]<\/a><\/p>\n","protected":false},"author":64,"featured_media":14886,"comment_status":"closed","ping_status":"closed","sticky":false,"template":"","format":"standard","meta":{"footnotes":""},"categories":[6],"tags":[],"class_list":["post-14884","post","type-post","status-publish","format-standard","has-post-thumbnail","hentry","category-culturales"],"_links":{"self":[{"href":"https:\/\/sertv.gob.pa\/crisolfm\/wp-json\/wp\/v2\/posts\/14884","targetHints":{"allow":["GET"]}}],"collection":[{"href":"https:\/\/sertv.gob.pa\/crisolfm\/wp-json\/wp\/v2\/posts"}],"about":[{"href":"https:\/\/sertv.gob.pa\/crisolfm\/wp-json\/wp\/v2\/types\/post"}],"author":[{"embeddable":true,"href":"https:\/\/sertv.gob.pa\/crisolfm\/wp-json\/wp\/v2\/users\/64"}],"replies":[{"embeddable":true,"href":"https:\/\/sertv.gob.pa\/crisolfm\/wp-json\/wp\/v2\/comments?post=14884"}],"version-history":[{"count":1,"href":"https:\/\/sertv.gob.pa\/crisolfm\/wp-json\/wp\/v2\/posts\/14884\/revisions"}],"predecessor-version":[{"id":14887,"href":"https:\/\/sertv.gob.pa\/crisolfm\/wp-json\/wp\/v2\/posts\/14884\/revisions\/14887"}],"wp:featuredmedia":[{"embeddable":true,"href":"https:\/\/sertv.gob.pa\/crisolfm\/wp-json\/wp\/v2\/media\/14886"}],"wp:attachment":[{"href":"https:\/\/sertv.gob.pa\/crisolfm\/wp-json\/wp\/v2\/media?parent=14884"}],"wp:term":[{"taxonomy":"category","embeddable":true,"href":"https:\/\/sertv.gob.pa\/crisolfm\/wp-json\/wp\/v2\/categories?post=14884"},{"taxonomy":"post_tag","embeddable":true,"href":"https:\/\/sertv.gob.pa\/crisolfm\/wp-json\/wp\/v2\/tags?post=14884"}],"curies":[{"name":"wp","href":"https:\/\/api.w.org\/{rel}","templated":true}]}}