{"id":14893,"date":"2018-12-14T13:51:37","date_gmt":"2018-12-14T13:51:37","guid":{"rendered":"https:\/\/sertv.gob.pa\/crisolfm\/?p=14893"},"modified":"2018-12-14T13:51:37","modified_gmt":"2018-12-14T13:51:37","slug":"el-lado-oscuro-de-pablo-neruda-presunto-violador-satiro-y-padre-monstruoso","status":"publish","type":"post","link":"https:\/\/sertv.gob.pa\/crisolfm\/el-lado-oscuro-de-pablo-neruda-presunto-violador-satiro-y-padre-monstruoso\/","title":{"rendered":"El lado oscuro de Pablo Neruda: presunto violador, s\u00e1tiro y \u00abpadre monstruoso\u00bb"},"content":{"rendered":"<p>Tras un tiempo en \u00abstandby\u00bb, este a\u00f1o se ha vuelto a poner sobre la mesa parlamentaria chilena una antigua moci\u00f3n para rebautizar al aeropuerto internacional de Santiago con el nombre de <strong>Pablo Neruda<\/strong>. La propuesta ha venido acompa\u00f1ada de una fuerte pol\u00e9mica impulsada por el movimiento feminista que est\u00e1 en contra de la elecci\u00f3n del poeta porque \u00abno est\u00e1n los tiempos para homenajear a un maltratador de mujeres, que abandon\u00f3 a su hija enferma y confes\u00f3 una violaci\u00f3n\u00bb por utilizar las palabras de<strong> Pamela Jiles,<\/strong> del Partido Humanista. Recordemos <a href=\"https:\/\/www.abc.es\/cultura\/abci-reivindicar-neruda-esta-moda-meterse-poetas-literariamente-indiscutibles-201812121844_noticia.html\" target=\"_blank\" rel=\"noopener\">las oscuridades del laureado autor<\/a> por otro lado tan idolatrado a las que se refieren.<\/p>\n<p>As\u00ed, habr\u00eda que hablar de <strong>Malva Marina<\/strong>, que naci\u00f3 en 1934, y fue la \u00fanica hija de Pablo Neruda, fruto de su matrimonio con <strong>Maria Hagenaar Vogelzang<\/strong> (\u00abMaruca\u00bb). Recientemente ha salido a la luz \u00abMalva\u00bb, la primera novela de la poeta neerlandesa Hagar Peeters en donde se cuenta como la protagonista fue v\u00edctima de abandono. Ten\u00eda hidrocefalia, que en su caso se traduc\u00eda en un tama\u00f1o desproporcionado de su cabeza. Su padre, el prestigioso poeta del amor, no tuvo mucha piedad con ella. Dec\u00eda que era \u00abun ser perfectamente rid\u00edculo\u00bb, \u00abuna especie de punto y coma\u00bb, \u00abuna vampiresa de tres kilos\u00bb. Primero la ocult\u00f3. Y, despu\u00e9s, la abandon\u00f3 definitivamente.<\/p>\n<p>ABC Cultura<\/p>\n","protected":false},"excerpt":{"rendered":"<p>Tras un tiempo en \u00abstandby\u00bb, este a\u00f1o se ha vuelto <a href=\"https:\/\/sertv.gob.pa\/crisolfm\/el-lado-oscuro-de-pablo-neruda-presunto-violador-satiro-y-padre-monstruoso\/\"> [&#8230;]<\/a><\/p>\n","protected":false},"author":64,"featured_media":14895,"comment_status":"closed","ping_status":"closed","sticky":false,"template":"","format":"standard","meta":{"footnotes":""},"categories":[6],"tags":[],"class_list":["post-14893","post","type-post","status-publish","format-standard","has-post-thumbnail","hentry","category-culturales"],"_links":{"self":[{"href":"https:\/\/sertv.gob.pa\/crisolfm\/wp-json\/wp\/v2\/posts\/14893","targetHints":{"allow":["GET"]}}],"collection":[{"href":"https:\/\/sertv.gob.pa\/crisolfm\/wp-json\/wp\/v2\/posts"}],"about":[{"href":"https:\/\/sertv.gob.pa\/crisolfm\/wp-json\/wp\/v2\/types\/post"}],"author":[{"embeddable":true,"href":"https:\/\/sertv.gob.pa\/crisolfm\/wp-json\/wp\/v2\/users\/64"}],"replies":[{"embeddable":true,"href":"https:\/\/sertv.gob.pa\/crisolfm\/wp-json\/wp\/v2\/comments?post=14893"}],"version-history":[{"count":1,"href":"https:\/\/sertv.gob.pa\/crisolfm\/wp-json\/wp\/v2\/posts\/14893\/revisions"}],"predecessor-version":[{"id":14896,"href":"https:\/\/sertv.gob.pa\/crisolfm\/wp-json\/wp\/v2\/posts\/14893\/revisions\/14896"}],"wp:featuredmedia":[{"embeddable":true,"href":"https:\/\/sertv.gob.pa\/crisolfm\/wp-json\/wp\/v2\/media\/14895"}],"wp:attachment":[{"href":"https:\/\/sertv.gob.pa\/crisolfm\/wp-json\/wp\/v2\/media?parent=14893"}],"wp:term":[{"taxonomy":"category","embeddable":true,"href":"https:\/\/sertv.gob.pa\/crisolfm\/wp-json\/wp\/v2\/categories?post=14893"},{"taxonomy":"post_tag","embeddable":true,"href":"https:\/\/sertv.gob.pa\/crisolfm\/wp-json\/wp\/v2\/tags?post=14893"}],"curies":[{"name":"wp","href":"https:\/\/api.w.org\/{rel}","templated":true}]}}