{"id":14945,"date":"2018-12-17T12:59:39","date_gmt":"2018-12-17T12:59:39","guid":{"rendered":"https:\/\/sertv.gob.pa\/crisolfm\/?p=14945"},"modified":"2018-12-17T12:59:39","modified_gmt":"2018-12-17T12:59:39","slug":"el-bordado-en-bolivia-entre-mantos-de-virgenes-y-capas-de-diablos","status":"publish","type":"post","link":"https:\/\/sertv.gob.pa\/crisolfm\/el-bordado-en-bolivia-entre-mantos-de-virgenes-y-capas-de-diablos\/","title":{"rendered":"El bordado en Bolivia, entre mantos de v\u00edrgenes y capas de diablos"},"content":{"rendered":"<p>La t\u00e9cnica del bordado en bastidor, que lleg\u00f3 a tierras bolivianas con la colonia espa\u00f1ola, ha sido adaptada por los ind\u00edgenas, que aprendieron primero a aplicarla en ropajes religiosos como los mantos de v\u00edrgenes y santos para usarla luego en los vistosos trajes de danzas como la Diablada o la Morenada. \u00a0Este paso de lo religioso a lo festivo, as\u00ed como los secretos de esta t\u00e9cnica, se plasman en \u00abBordados, las qillqas del cuerpo y del alma\u00bb, una exposici\u00f3n inaugurada esta semana en el Museo Nacional de Etnograf\u00eda y Folclore (Musef) en La Paz.<\/p>\n<p>La palabra aimara y quechua \u00abqillqa\u00bb expresa el concepto de que un objeto es algo que tiene presencia y en el caso de la muestra hace referencia al poder de los trajes festivos y su capacidad de transformar \u00abla ausencia en presencia\u00bb, seg\u00fan detalla el Musef. El bordado ha estado presente en la cultura boliviana desde la \u00e9poca preincaica y se nutri\u00f3 con materiales y t\u00e9cnicas, como la que centra la exposici\u00f3n, durante la colonia, se\u00f1ala el museo. La muestra permanecer\u00e1 en el Musef durante tres meses.<\/p>\n<p>EFE<\/p>\n","protected":false},"excerpt":{"rendered":"<p>La t\u00e9cnica del bordado en bastidor, que lleg\u00f3 a tierras <a href=\"https:\/\/sertv.gob.pa\/crisolfm\/el-bordado-en-bolivia-entre-mantos-de-virgenes-y-capas-de-diablos\/\"> [&#8230;]<\/a><\/p>\n","protected":false},"author":64,"featured_media":14948,"comment_status":"closed","ping_status":"closed","sticky":false,"template":"","format":"standard","meta":{"footnotes":""},"categories":[6],"tags":[],"class_list":["post-14945","post","type-post","status-publish","format-standard","has-post-thumbnail","hentry","category-culturales"],"_links":{"self":[{"href":"https:\/\/sertv.gob.pa\/crisolfm\/wp-json\/wp\/v2\/posts\/14945","targetHints":{"allow":["GET"]}}],"collection":[{"href":"https:\/\/sertv.gob.pa\/crisolfm\/wp-json\/wp\/v2\/posts"}],"about":[{"href":"https:\/\/sertv.gob.pa\/crisolfm\/wp-json\/wp\/v2\/types\/post"}],"author":[{"embeddable":true,"href":"https:\/\/sertv.gob.pa\/crisolfm\/wp-json\/wp\/v2\/users\/64"}],"replies":[{"embeddable":true,"href":"https:\/\/sertv.gob.pa\/crisolfm\/wp-json\/wp\/v2\/comments?post=14945"}],"version-history":[{"count":1,"href":"https:\/\/sertv.gob.pa\/crisolfm\/wp-json\/wp\/v2\/posts\/14945\/revisions"}],"predecessor-version":[{"id":14949,"href":"https:\/\/sertv.gob.pa\/crisolfm\/wp-json\/wp\/v2\/posts\/14945\/revisions\/14949"}],"wp:featuredmedia":[{"embeddable":true,"href":"https:\/\/sertv.gob.pa\/crisolfm\/wp-json\/wp\/v2\/media\/14948"}],"wp:attachment":[{"href":"https:\/\/sertv.gob.pa\/crisolfm\/wp-json\/wp\/v2\/media?parent=14945"}],"wp:term":[{"taxonomy":"category","embeddable":true,"href":"https:\/\/sertv.gob.pa\/crisolfm\/wp-json\/wp\/v2\/categories?post=14945"},{"taxonomy":"post_tag","embeddable":true,"href":"https:\/\/sertv.gob.pa\/crisolfm\/wp-json\/wp\/v2\/tags?post=14945"}],"curies":[{"name":"wp","href":"https:\/\/api.w.org\/{rel}","templated":true}]}}