{"id":14960,"date":"2018-12-17T13:48:12","date_gmt":"2018-12-17T13:48:12","guid":{"rendered":"https:\/\/sertv.gob.pa\/crisolfm\/?p=14960"},"modified":"2018-12-17T13:48:12","modified_gmt":"2018-12-17T13:48:12","slug":"tras-meses-de-restauracion-mosaicos-de-basilica-de-la-natividad-en-belen-vuelven-a-brillar","status":"publish","type":"post","link":"https:\/\/sertv.gob.pa\/crisolfm\/tras-meses-de-restauracion-mosaicos-de-basilica-de-la-natividad-en-belen-vuelven-a-brillar\/","title":{"rendered":"Tras meses de restauraci\u00f3n, mosaicos de Bas\u00edlica de la Natividad en Bel\u00e9n vuelven a brillar"},"content":{"rendered":"<p>Tras permanecer recubiertos durante siglos por el holl\u00edn de los cirios y despu\u00e9s por los andamios de la restauraci\u00f3n, los mosaicos de la Bas\u00edlica de la Natividad en Bel\u00e9n muestran de nuevo todo su esplendor, justo antes de Navidad.<\/p>\n<p>Durante 15 meses, 125 m2 de los 2.000 m2 de mosaicos originales, dibujados en la \u00e9poca de las Cruzadas entre 1154 y 1169, fueron minuciosamente limpiados y restaurados. El resto desapareci\u00f3, carcomido por el tiempo, la falta de mantenimiento, la humedad, los terremotos y las guerras. Los fragmentos restaurados brillan ahora en los muros blancos, sobre la cabeza de los visitantes, transfigurando este sitio del cristianismo constru\u00eddo en una gruta en donde, seg\u00fan los cristianos, Mar\u00eda dio a luz a Jes\u00fas.<\/p>\n<p>AFP<\/p>\n","protected":false},"excerpt":{"rendered":"<p>Tras permanecer recubiertos durante siglos por el holl\u00edn de los <a href=\"https:\/\/sertv.gob.pa\/crisolfm\/tras-meses-de-restauracion-mosaicos-de-basilica-de-la-natividad-en-belen-vuelven-a-brillar\/\"> [&#8230;]<\/a><\/p>\n","protected":false},"author":64,"featured_media":14963,"comment_status":"closed","ping_status":"closed","sticky":false,"template":"","format":"standard","meta":{"footnotes":""},"categories":[6],"tags":[],"class_list":["post-14960","post","type-post","status-publish","format-standard","has-post-thumbnail","hentry","category-culturales"],"_links":{"self":[{"href":"https:\/\/sertv.gob.pa\/crisolfm\/wp-json\/wp\/v2\/posts\/14960","targetHints":{"allow":["GET"]}}],"collection":[{"href":"https:\/\/sertv.gob.pa\/crisolfm\/wp-json\/wp\/v2\/posts"}],"about":[{"href":"https:\/\/sertv.gob.pa\/crisolfm\/wp-json\/wp\/v2\/types\/post"}],"author":[{"embeddable":true,"href":"https:\/\/sertv.gob.pa\/crisolfm\/wp-json\/wp\/v2\/users\/64"}],"replies":[{"embeddable":true,"href":"https:\/\/sertv.gob.pa\/crisolfm\/wp-json\/wp\/v2\/comments?post=14960"}],"version-history":[{"count":1,"href":"https:\/\/sertv.gob.pa\/crisolfm\/wp-json\/wp\/v2\/posts\/14960\/revisions"}],"predecessor-version":[{"id":14964,"href":"https:\/\/sertv.gob.pa\/crisolfm\/wp-json\/wp\/v2\/posts\/14960\/revisions\/14964"}],"wp:featuredmedia":[{"embeddable":true,"href":"https:\/\/sertv.gob.pa\/crisolfm\/wp-json\/wp\/v2\/media\/14963"}],"wp:attachment":[{"href":"https:\/\/sertv.gob.pa\/crisolfm\/wp-json\/wp\/v2\/media?parent=14960"}],"wp:term":[{"taxonomy":"category","embeddable":true,"href":"https:\/\/sertv.gob.pa\/crisolfm\/wp-json\/wp\/v2\/categories?post=14960"},{"taxonomy":"post_tag","embeddable":true,"href":"https:\/\/sertv.gob.pa\/crisolfm\/wp-json\/wp\/v2\/tags?post=14960"}],"curies":[{"name":"wp","href":"https:\/\/api.w.org\/{rel}","templated":true}]}}