{"id":14993,"date":"2018-12-18T12:26:56","date_gmt":"2018-12-18T12:26:56","guid":{"rendered":"https:\/\/sertv.gob.pa\/crisolfm\/?p=14993"},"modified":"2018-12-18T12:26:56","modified_gmt":"2018-12-18T12:26:56","slug":"pajaros-de-verano-gana-el-coral-del-festival-de-la-habana","status":"publish","type":"post","link":"https:\/\/sertv.gob.pa\/crisolfm\/pajaros-de-verano-gana-el-coral-del-festival-de-la-habana\/","title":{"rendered":"\u201cP\u00e1jaros de verano\u201d gana el Coral del Festival de La Habana"},"content":{"rendered":"<p>El filme colombiano \u201cP\u00e1jaros de verano\u201d, dirigido por Cristina Gallego y Ciro Guerra, se coron\u00f3 con el premio \u2018Coral&#8217; al mejor largometraje de ficci\u00f3n de la 40 edici\u00f3n del Festival Internacional del Nuevo Cine Latinoamericano de La Habana. Esta cinta, que no fue de las m\u00e1s perseguidas en la cartelera del certamen, dej\u00f3 fuera del palmar\u00e9s en su categor\u00eda a otros t\u00edtulos que se ve\u00edan entre los favoritos como el argentino Joe l o el uruguayo La noche de 12 a\u00f1os que se alzaron con varios de los galardones colaterales de la cita cinematogr\u00e1fica.<\/p>\n<p>\u201cP\u00e1jaros de verano\u201d es una historia ambientada en los a\u00f1os setenta, cuando el cultivo y venta de marihuana trajo enormes riquezas, y tambi\u00e9n la decadencia, a algunas familias de la comunidad ind\u00edgena way\u00fa, en el departamento colombiano de la Guajira. La pel\u00edcula que fue presentado en la Quincena de Directores en el Festival de Cannes 2018 y ha sido preseleccionada para representar a Colombia en los \u00d3scar, tambi\u00e9n recibi\u00f3 el \u2018Coral&#8217; a mejor m\u00fasica original en el Festival habanero. El jurado de ficci\u00f3n, presidido por el realizador argentino Luis Puenzo (La historia oficial), quiso resaltar con un premio especial los valores de los filmes cubanos Inocencia, de Alejandro Gil, Insumisas, del laureado director Fernando P\u00e9rez y Laura Cazador, y Nido de Mantis, de Arturo Sotto.<\/p>\n<p>EFE<\/p>\n","protected":false},"excerpt":{"rendered":"<p>El filme colombiano \u201cP\u00e1jaros de verano\u201d, dirigido por Cristina Gallego <a href=\"https:\/\/sertv.gob.pa\/crisolfm\/pajaros-de-verano-gana-el-coral-del-festival-de-la-habana\/\"> [&#8230;]<\/a><\/p>\n","protected":false},"author":64,"featured_media":14995,"comment_status":"closed","ping_status":"closed","sticky":false,"template":"","format":"standard","meta":{"footnotes":""},"categories":[6],"tags":[],"class_list":["post-14993","post","type-post","status-publish","format-standard","has-post-thumbnail","hentry","category-culturales"],"_links":{"self":[{"href":"https:\/\/sertv.gob.pa\/crisolfm\/wp-json\/wp\/v2\/posts\/14993","targetHints":{"allow":["GET"]}}],"collection":[{"href":"https:\/\/sertv.gob.pa\/crisolfm\/wp-json\/wp\/v2\/posts"}],"about":[{"href":"https:\/\/sertv.gob.pa\/crisolfm\/wp-json\/wp\/v2\/types\/post"}],"author":[{"embeddable":true,"href":"https:\/\/sertv.gob.pa\/crisolfm\/wp-json\/wp\/v2\/users\/64"}],"replies":[{"embeddable":true,"href":"https:\/\/sertv.gob.pa\/crisolfm\/wp-json\/wp\/v2\/comments?post=14993"}],"version-history":[{"count":1,"href":"https:\/\/sertv.gob.pa\/crisolfm\/wp-json\/wp\/v2\/posts\/14993\/revisions"}],"predecessor-version":[{"id":14996,"href":"https:\/\/sertv.gob.pa\/crisolfm\/wp-json\/wp\/v2\/posts\/14993\/revisions\/14996"}],"wp:featuredmedia":[{"embeddable":true,"href":"https:\/\/sertv.gob.pa\/crisolfm\/wp-json\/wp\/v2\/media\/14995"}],"wp:attachment":[{"href":"https:\/\/sertv.gob.pa\/crisolfm\/wp-json\/wp\/v2\/media?parent=14993"}],"wp:term":[{"taxonomy":"category","embeddable":true,"href":"https:\/\/sertv.gob.pa\/crisolfm\/wp-json\/wp\/v2\/categories?post=14993"},{"taxonomy":"post_tag","embeddable":true,"href":"https:\/\/sertv.gob.pa\/crisolfm\/wp-json\/wp\/v2\/tags?post=14993"}],"curies":[{"name":"wp","href":"https:\/\/api.w.org\/{rel}","templated":true}]}}