{"id":15001,"date":"2018-12-18T12:38:39","date_gmt":"2018-12-18T12:38:39","guid":{"rendered":"https:\/\/sertv.gob.pa\/crisolfm\/?p=15001"},"modified":"2018-12-18T12:38:39","modified_gmt":"2018-12-18T12:38:39","slug":"un-centenario-de-mandela-con-heridas-del-apartheid-aun-sin-cicatrizar","status":"publish","type":"post","link":"https:\/\/sertv.gob.pa\/crisolfm\/un-centenario-de-mandela-con-heridas-del-apartheid-aun-sin-cicatrizar\/","title":{"rendered":"Un centenario de Mandela con heridas del &#8216;apartheid&#8217; a\u00fan sin cicatrizar"},"content":{"rendered":"<p>Sud\u00e1frica y la comunidad internacional celebraron en 2018 el centenario del h\u00e9roe m\u00e1s famoso de la lucha contra el \u00abapartheid\u00bb, Nelson Mandela, un \u00edcono global de los derechos humanos cuyo legado, en su pa\u00eds, no basta para tapar las grietas a\u00fan visibles del pasado de segregaci\u00f3n racial.<\/p>\n<p>El centenario trajo hasta Sud\u00e1frica a figuras como el expresidente estadounidense Barack Obama, a cantantes como Ed Sheeran y Beyonc\u00e9, a la escritora nigeriana Chimamanda Ngozi Adichie o a la exmodelo Naomi Campbell, entre muchos otros. Tambi\u00e9n m\u00faltiples jefes de Estado del continente y representantes de gobiernos e instituciones internacionales, desde la ONU al Banco Mundial, pasaron por Sud\u00e1frica para rendir tributo a \u00abMadiba\u00bb, demostrando que sus valores son ya patrimonio de la humanidad. Seg\u00fan dijo durante su visita el propio Obama, un reconocido admirador de Mandela, el l\u00edder sudafricano encarn\u00f3 \u00ablas aspiraciones universales de los despose\u00eddos de todo el mundo\u00bb porque luch\u00f3 por \u00abla esperanza de una vida mejor y la posibilidad de una transformaci\u00f3n moral de la conducta humana\u00bb.<\/p>\n<p>EFE<\/p>\n","protected":false},"excerpt":{"rendered":"<p>Sud\u00e1frica y la comunidad internacional celebraron en 2018 el centenario <a href=\"https:\/\/sertv.gob.pa\/crisolfm\/un-centenario-de-mandela-con-heridas-del-apartheid-aun-sin-cicatrizar\/\"> [&#8230;]<\/a><\/p>\n","protected":false},"author":64,"featured_media":15003,"comment_status":"closed","ping_status":"closed","sticky":false,"template":"","format":"standard","meta":{"footnotes":""},"categories":[6],"tags":[],"class_list":["post-15001","post","type-post","status-publish","format-standard","has-post-thumbnail","hentry","category-culturales"],"_links":{"self":[{"href":"https:\/\/sertv.gob.pa\/crisolfm\/wp-json\/wp\/v2\/posts\/15001","targetHints":{"allow":["GET"]}}],"collection":[{"href":"https:\/\/sertv.gob.pa\/crisolfm\/wp-json\/wp\/v2\/posts"}],"about":[{"href":"https:\/\/sertv.gob.pa\/crisolfm\/wp-json\/wp\/v2\/types\/post"}],"author":[{"embeddable":true,"href":"https:\/\/sertv.gob.pa\/crisolfm\/wp-json\/wp\/v2\/users\/64"}],"replies":[{"embeddable":true,"href":"https:\/\/sertv.gob.pa\/crisolfm\/wp-json\/wp\/v2\/comments?post=15001"}],"version-history":[{"count":1,"href":"https:\/\/sertv.gob.pa\/crisolfm\/wp-json\/wp\/v2\/posts\/15001\/revisions"}],"predecessor-version":[{"id":15004,"href":"https:\/\/sertv.gob.pa\/crisolfm\/wp-json\/wp\/v2\/posts\/15001\/revisions\/15004"}],"wp:featuredmedia":[{"embeddable":true,"href":"https:\/\/sertv.gob.pa\/crisolfm\/wp-json\/wp\/v2\/media\/15003"}],"wp:attachment":[{"href":"https:\/\/sertv.gob.pa\/crisolfm\/wp-json\/wp\/v2\/media?parent=15001"}],"wp:term":[{"taxonomy":"category","embeddable":true,"href":"https:\/\/sertv.gob.pa\/crisolfm\/wp-json\/wp\/v2\/categories?post=15001"},{"taxonomy":"post_tag","embeddable":true,"href":"https:\/\/sertv.gob.pa\/crisolfm\/wp-json\/wp\/v2\/tags?post=15001"}],"curies":[{"name":"wp","href":"https:\/\/api.w.org\/{rel}","templated":true}]}}