{"id":15135,"date":"2018-12-20T13:54:16","date_gmt":"2018-12-20T13:54:16","guid":{"rendered":"https:\/\/sertv.gob.pa\/crisolfm\/?p=15135"},"modified":"2018-12-20T13:54:16","modified_gmt":"2018-12-20T13:54:16","slug":"manuel-orestes-y-rafael-candanedo-nuevos-miembros-de-la-academia-panamena-de-la-lengua","status":"publish","type":"post","link":"https:\/\/sertv.gob.pa\/crisolfm\/manuel-orestes-y-rafael-candanedo-nuevos-miembros-de-la-academia-panamena-de-la-lengua\/","title":{"rendered":"Manuel Orestes y Rafael Candanedo, nuevos miembros de la Academia Paname\u00f1a de la Lengua"},"content":{"rendered":"<p>El pleno de la Academia Paname\u00f1a de la Lengua eligi\u00f3 como miembros de n\u00famero al poeta Manuel Orestes Nieto y al profesor Rafael Candanedo. Adem\u00e1s de su nueva condici\u00f3n, Nieto y Candanedo pasan a ostentar el derecho como miembros correspondientes de la Real Academia Espa\u00f1ola, fundada hace 300 a\u00f1os.<\/p>\n<p>Licenciado en Filosof\u00eda y Letras, Nieto es literato laureado (5 veces ha ganado el Premio Mir\u00f3; igualmente el Casa de las Am\u00e9ricas y Lezama Lima), fue embajador de Panam\u00e1 en Cuba y en Argentina, subdirector del Instituto Nacional de Cultura y director de la Biblioteca Nacional. Es el director editorial de Universidad Especializada de las Am\u00e9ricas (Udelas) y autor de m\u00e1s de 20 poemarios, entre ellos Reconstrucci\u00f3n de los hechos y Panam\u00e1 en la memoria de los mares. Doctor en Ling\u00fc\u00edstica Hisp\u00e1nica y licenciado en Periodismo, Candanedo es profesor universitario, capacitador, comentarista de radio y televisi\u00f3n y articulista de diarios. Es dirigente de organizaciones c\u00edvicas y ha presidido entidades profesionales, como el Consejo Nacional de Periodismo (CNP). Ha sido reportero y corresponsal internacional, y es autor de textos sobre historia del periodismo, educador oratoria y gram\u00e1tica con humor.<\/p>\n<p>&nbsp;<\/p>\n","protected":false},"excerpt":{"rendered":"<p>El pleno de la Academia Paname\u00f1a de la Lengua eligi\u00f3 <a href=\"https:\/\/sertv.gob.pa\/crisolfm\/manuel-orestes-y-rafael-candanedo-nuevos-miembros-de-la-academia-panamena-de-la-lengua\/\"> [&#8230;]<\/a><\/p>\n","protected":false},"author":64,"featured_media":15137,"comment_status":"closed","ping_status":"closed","sticky":false,"template":"","format":"standard","meta":{"footnotes":""},"categories":[6],"tags":[],"class_list":["post-15135","post","type-post","status-publish","format-standard","has-post-thumbnail","hentry","category-culturales"],"_links":{"self":[{"href":"https:\/\/sertv.gob.pa\/crisolfm\/wp-json\/wp\/v2\/posts\/15135","targetHints":{"allow":["GET"]}}],"collection":[{"href":"https:\/\/sertv.gob.pa\/crisolfm\/wp-json\/wp\/v2\/posts"}],"about":[{"href":"https:\/\/sertv.gob.pa\/crisolfm\/wp-json\/wp\/v2\/types\/post"}],"author":[{"embeddable":true,"href":"https:\/\/sertv.gob.pa\/crisolfm\/wp-json\/wp\/v2\/users\/64"}],"replies":[{"embeddable":true,"href":"https:\/\/sertv.gob.pa\/crisolfm\/wp-json\/wp\/v2\/comments?post=15135"}],"version-history":[{"count":1,"href":"https:\/\/sertv.gob.pa\/crisolfm\/wp-json\/wp\/v2\/posts\/15135\/revisions"}],"predecessor-version":[{"id":15138,"href":"https:\/\/sertv.gob.pa\/crisolfm\/wp-json\/wp\/v2\/posts\/15135\/revisions\/15138"}],"wp:featuredmedia":[{"embeddable":true,"href":"https:\/\/sertv.gob.pa\/crisolfm\/wp-json\/wp\/v2\/media\/15137"}],"wp:attachment":[{"href":"https:\/\/sertv.gob.pa\/crisolfm\/wp-json\/wp\/v2\/media?parent=15135"}],"wp:term":[{"taxonomy":"category","embeddable":true,"href":"https:\/\/sertv.gob.pa\/crisolfm\/wp-json\/wp\/v2\/categories?post=15135"},{"taxonomy":"post_tag","embeddable":true,"href":"https:\/\/sertv.gob.pa\/crisolfm\/wp-json\/wp\/v2\/tags?post=15135"}],"curies":[{"name":"wp","href":"https:\/\/api.w.org\/{rel}","templated":true}]}}