{"id":15139,"date":"2018-12-20T14:01:16","date_gmt":"2018-12-20T14:01:16","guid":{"rendered":"https:\/\/sertv.gob.pa\/crisolfm\/?p=15139"},"modified":"2018-12-20T14:01:16","modified_gmt":"2018-12-20T14:01:16","slug":"historico-20-de-diciembre-de-1989","status":"publish","type":"post","link":"https:\/\/sertv.gob.pa\/crisolfm\/historico-20-de-diciembre-de-1989\/","title":{"rendered":"Hist\u00f3rico 20 de diciembre de 1989"},"content":{"rendered":"<p>Hoy se conmemoran 29 a\u00f1os de la invasi\u00f3n de los Estados Unidos a Panam\u00e1. Mientras, protagonistas y testigos solicitan al gobierno declarar el 20 de diciembre de 1989, como un d\u00eda de duelo nacional y crear un museo para recordar a los ca\u00eddos y evitar que las futuras generaciones olviden los obst\u00e1culos que pas\u00f3 el pa\u00eds para defender su soberan\u00eda.<\/p>\n<p>Luego de casi 30 a\u00f1os del operativo \u201cCausa Justa\u201d, con el que se buscaba capturar al dictador Manuel Antonio Noriega y neutralizar las Fuerzas de Defensa de Panam\u00e1, miles de personas que perdieron la vida, todav\u00eda se mantienen sin identificar. Seg\u00fan estimaciones, aproximadamente m\u00e1s de 3,000 personas fallecieron en el conflicto.<\/p>\n<p><strong>\u00a0<\/strong><\/p>\n<p>&nbsp;<\/p>\n","protected":false},"excerpt":{"rendered":"<p>Hoy se conmemoran 29 a\u00f1os de la invasi\u00f3n de los <a href=\"https:\/\/sertv.gob.pa\/crisolfm\/historico-20-de-diciembre-de-1989\/\"> [&#8230;]<\/a><\/p>\n","protected":false},"author":64,"featured_media":15141,"comment_status":"closed","ping_status":"closed","sticky":false,"template":"","format":"standard","meta":{"footnotes":""},"categories":[6],"tags":[],"class_list":["post-15139","post","type-post","status-publish","format-standard","has-post-thumbnail","hentry","category-culturales"],"_links":{"self":[{"href":"https:\/\/sertv.gob.pa\/crisolfm\/wp-json\/wp\/v2\/posts\/15139","targetHints":{"allow":["GET"]}}],"collection":[{"href":"https:\/\/sertv.gob.pa\/crisolfm\/wp-json\/wp\/v2\/posts"}],"about":[{"href":"https:\/\/sertv.gob.pa\/crisolfm\/wp-json\/wp\/v2\/types\/post"}],"author":[{"embeddable":true,"href":"https:\/\/sertv.gob.pa\/crisolfm\/wp-json\/wp\/v2\/users\/64"}],"replies":[{"embeddable":true,"href":"https:\/\/sertv.gob.pa\/crisolfm\/wp-json\/wp\/v2\/comments?post=15139"}],"version-history":[{"count":1,"href":"https:\/\/sertv.gob.pa\/crisolfm\/wp-json\/wp\/v2\/posts\/15139\/revisions"}],"predecessor-version":[{"id":15142,"href":"https:\/\/sertv.gob.pa\/crisolfm\/wp-json\/wp\/v2\/posts\/15139\/revisions\/15142"}],"wp:featuredmedia":[{"embeddable":true,"href":"https:\/\/sertv.gob.pa\/crisolfm\/wp-json\/wp\/v2\/media\/15141"}],"wp:attachment":[{"href":"https:\/\/sertv.gob.pa\/crisolfm\/wp-json\/wp\/v2\/media?parent=15139"}],"wp:term":[{"taxonomy":"category","embeddable":true,"href":"https:\/\/sertv.gob.pa\/crisolfm\/wp-json\/wp\/v2\/categories?post=15139"},{"taxonomy":"post_tag","embeddable":true,"href":"https:\/\/sertv.gob.pa\/crisolfm\/wp-json\/wp\/v2\/tags?post=15139"}],"curies":[{"name":"wp","href":"https:\/\/api.w.org\/{rel}","templated":true}]}}