{"id":15200,"date":"2018-12-21T13:54:12","date_gmt":"2018-12-21T13:54:12","guid":{"rendered":"https:\/\/sertv.gob.pa\/crisolfm\/?p=15200"},"modified":"2018-12-21T13:54:12","modified_gmt":"2018-12-21T13:54:12","slug":"despues-de-tres-anos-de-espera-la-biblioteca-publica-piloto-vuelve-abrir-sus-puertas","status":"publish","type":"post","link":"https:\/\/sertv.gob.pa\/crisolfm\/despues-de-tres-anos-de-espera-la-biblioteca-publica-piloto-vuelve-abrir-sus-puertas\/","title":{"rendered":"Despu\u00e9s de tres a\u00f1os de espera, la Biblioteca P\u00fablica Piloto vuelve abrir sus puertas"},"content":{"rendered":"<p>Los habitantes de la ciudad de Medell\u00edn ya podr\u00e1n disfrutar de la remodelaci\u00f3n y adecuaci\u00f3n de los nuevos espacios de la Biblioteca P\u00fablica Piloto. En la sede central de la biblioteca, fundada en 1952, se inici\u00f3 un proceso de creaci\u00f3n y adecuaci\u00f3n hace tres a\u00f1os. Las obras incluyeron 7.500 metros cuadrados y la conexi\u00f3n de los tres edificios del lugar.<\/p>\n<p>Entre los beneficios se destacan los accesos adicionales a personas en condici\u00f3n de discapacidad f\u00edsica y dos nuevos pisos, de los cuales el segundo, que antes estaba ocupado con oficinas administrativas, fue adecuado para ubicar los libros que permanec\u00edan archivados. Tambi\u00e9n dispondr\u00e1n de dos aulas taller para experimentaci\u00f3n, se abrir\u00e1 un museo llamado C\u00e1mara de maravillas y\u00a0nuevos espacios audiovisuales. En las obras se invirtieron m\u00e1s de 10.000 millones de pesos.<\/p>\n<p>El Espectador<\/p>\n","protected":false},"excerpt":{"rendered":"<p>Los habitantes de la ciudad de Medell\u00edn ya podr\u00e1n disfrutar <a href=\"https:\/\/sertv.gob.pa\/crisolfm\/despues-de-tres-anos-de-espera-la-biblioteca-publica-piloto-vuelve-abrir-sus-puertas\/\"> [&#8230;]<\/a><\/p>\n","protected":false},"author":64,"featured_media":15202,"comment_status":"closed","ping_status":"closed","sticky":false,"template":"","format":"standard","meta":{"footnotes":""},"categories":[6],"tags":[],"class_list":["post-15200","post","type-post","status-publish","format-standard","has-post-thumbnail","hentry","category-culturales"],"_links":{"self":[{"href":"https:\/\/sertv.gob.pa\/crisolfm\/wp-json\/wp\/v2\/posts\/15200","targetHints":{"allow":["GET"]}}],"collection":[{"href":"https:\/\/sertv.gob.pa\/crisolfm\/wp-json\/wp\/v2\/posts"}],"about":[{"href":"https:\/\/sertv.gob.pa\/crisolfm\/wp-json\/wp\/v2\/types\/post"}],"author":[{"embeddable":true,"href":"https:\/\/sertv.gob.pa\/crisolfm\/wp-json\/wp\/v2\/users\/64"}],"replies":[{"embeddable":true,"href":"https:\/\/sertv.gob.pa\/crisolfm\/wp-json\/wp\/v2\/comments?post=15200"}],"version-history":[{"count":1,"href":"https:\/\/sertv.gob.pa\/crisolfm\/wp-json\/wp\/v2\/posts\/15200\/revisions"}],"predecessor-version":[{"id":15203,"href":"https:\/\/sertv.gob.pa\/crisolfm\/wp-json\/wp\/v2\/posts\/15200\/revisions\/15203"}],"wp:featuredmedia":[{"embeddable":true,"href":"https:\/\/sertv.gob.pa\/crisolfm\/wp-json\/wp\/v2\/media\/15202"}],"wp:attachment":[{"href":"https:\/\/sertv.gob.pa\/crisolfm\/wp-json\/wp\/v2\/media?parent=15200"}],"wp:term":[{"taxonomy":"category","embeddable":true,"href":"https:\/\/sertv.gob.pa\/crisolfm\/wp-json\/wp\/v2\/categories?post=15200"},{"taxonomy":"post_tag","embeddable":true,"href":"https:\/\/sertv.gob.pa\/crisolfm\/wp-json\/wp\/v2\/tags?post=15200"}],"curies":[{"name":"wp","href":"https:\/\/api.w.org\/{rel}","templated":true}]}}