{"id":15228,"date":"2018-12-24T14:12:23","date_gmt":"2018-12-24T14:12:23","guid":{"rendered":"https:\/\/sertv.gob.pa\/crisolfm\/?p=15228"},"modified":"2018-12-24T14:12:23","modified_gmt":"2018-12-24T14:12:23","slug":"publican-libro-en-el-que-se-analiza-el-papel-de-uruguay-como-pequena-capital-mundial-del-futbol","status":"publish","type":"post","link":"https:\/\/sertv.gob.pa\/crisolfm\/publican-libro-en-el-que-se-analiza-el-papel-de-uruguay-como-pequena-capital-mundial-del-futbol\/","title":{"rendered":"Publican libro en el que se analiza el papel de Uruguay como \u00abpeque\u00f1a capital mundial del f\u00fatbol\u00bb"},"content":{"rendered":"<p>El escritor alem\u00e1n Hardy Gr\u00fcne public\u00f3 un libro en el que analiza el papel de Uruguay como \u00abpeque\u00f1a capital mundial del f\u00fatbol\u00bb y de Montevideo como su \u00abepicentro futbol\u00edstico\u00bb. La obra, titulada \u00abMontevideo: un viaje al coraz\u00f3n del f\u00fatbol\u00bb, es fruto de dos visitas de Gr\u00fcne a Uruguay, en 2014 y 2017, en las que recorri\u00f3 los principales clubes y estadios, adem\u00e1s de entrevistarse con los personajes m\u00e1s importantes del deporte rey en el pa\u00eds austral. Hardy Gr\u00fcne cuenta a los lectores sus experiencias en canchas ic\u00f3nicas, como el Estadio Ol\u00edmpico de Rampla Juniors F\u00fatbol Club, el moderno estadio del Pe\u00f1arol, que representa a la grandeza del pasado futbol\u00edstico uruguayo, o el Estadio Centenario, construido para la Copa del Mundo de 1930.<\/p>\n<p>En la nueva publicaci\u00f3n se pone de relieve que Montevideo es una de las ciudades futbol\u00edsticas m\u00e1s antiguas del mundo y se recuerda que, junto con Buenos Aires (Argentina), fue la cuna del f\u00fatbol en Am\u00e9rica del Sur y se convirti\u00f3 \u00aben un basti\u00f3n con una apasionada cultura de fan\u00e1ticos\u00bb, hasta tal punto que \u00abtuvo un tremendo \u00e9xito\u00bb. Ese \u00e9xito se plasm\u00f3 al lograr la selecci\u00f3n uruguaya ser dos veces campeona ol\u00edmpica (1924 y 1928), dos veces campeona del mundo (1930, 1950) y 15 veces ganadora de la Copa Am\u00e9rica, lo que significa que Uruguay super\u00f3 en este r\u00e1nking a Brasil o Argentina, a pesar de que tiene tantos habitantes como Berl\u00edn, y se convirti\u00f3 de esta manera \u00aben la peque\u00f1a capital mundial del f\u00fatbol\u00bb y Montevideo en \u00absu epicentro futbol\u00edstico\u00bb.<\/p>\n<p>EFE<\/p>\n","protected":false},"excerpt":{"rendered":"<p>El escritor alem\u00e1n Hardy Gr\u00fcne public\u00f3 un libro en el <a href=\"https:\/\/sertv.gob.pa\/crisolfm\/publican-libro-en-el-que-se-analiza-el-papel-de-uruguay-como-pequena-capital-mundial-del-futbol\/\"> [&#8230;]<\/a><\/p>\n","protected":false},"author":64,"featured_media":15230,"comment_status":"closed","ping_status":"closed","sticky":false,"template":"","format":"standard","meta":{"footnotes":""},"categories":[6],"tags":[],"class_list":["post-15228","post","type-post","status-publish","format-standard","has-post-thumbnail","hentry","category-culturales"],"_links":{"self":[{"href":"https:\/\/sertv.gob.pa\/crisolfm\/wp-json\/wp\/v2\/posts\/15228","targetHints":{"allow":["GET"]}}],"collection":[{"href":"https:\/\/sertv.gob.pa\/crisolfm\/wp-json\/wp\/v2\/posts"}],"about":[{"href":"https:\/\/sertv.gob.pa\/crisolfm\/wp-json\/wp\/v2\/types\/post"}],"author":[{"embeddable":true,"href":"https:\/\/sertv.gob.pa\/crisolfm\/wp-json\/wp\/v2\/users\/64"}],"replies":[{"embeddable":true,"href":"https:\/\/sertv.gob.pa\/crisolfm\/wp-json\/wp\/v2\/comments?post=15228"}],"version-history":[{"count":1,"href":"https:\/\/sertv.gob.pa\/crisolfm\/wp-json\/wp\/v2\/posts\/15228\/revisions"}],"predecessor-version":[{"id":15231,"href":"https:\/\/sertv.gob.pa\/crisolfm\/wp-json\/wp\/v2\/posts\/15228\/revisions\/15231"}],"wp:featuredmedia":[{"embeddable":true,"href":"https:\/\/sertv.gob.pa\/crisolfm\/wp-json\/wp\/v2\/media\/15230"}],"wp:attachment":[{"href":"https:\/\/sertv.gob.pa\/crisolfm\/wp-json\/wp\/v2\/media?parent=15228"}],"wp:term":[{"taxonomy":"category","embeddable":true,"href":"https:\/\/sertv.gob.pa\/crisolfm\/wp-json\/wp\/v2\/categories?post=15228"},{"taxonomy":"post_tag","embeddable":true,"href":"https:\/\/sertv.gob.pa\/crisolfm\/wp-json\/wp\/v2\/tags?post=15228"}],"curies":[{"name":"wp","href":"https:\/\/api.w.org\/{rel}","templated":true}]}}