{"id":15232,"date":"2018-12-24T14:19:17","date_gmt":"2018-12-24T14:19:17","guid":{"rendered":"https:\/\/sertv.gob.pa\/crisolfm\/?p=15232"},"modified":"2018-12-24T14:19:17","modified_gmt":"2018-12-24T14:19:17","slug":"gabriel-garcia-marquez-en-pelicula","status":"publish","type":"post","link":"https:\/\/sertv.gob.pa\/crisolfm\/gabriel-garcia-marquez-en-pelicula\/","title":{"rendered":"Gabriel Garc\u00eda M\u00e1rquez en pel\u00edcula"},"content":{"rendered":"<p>El productor dan\u00e9s Niels Juul, art\u00edfice de dos de las \u00faltimas pel\u00edculas de Martin Scorsese, ha contactado a la familia de Gabriel Garc\u00eda M\u00e1rquez y busca capital en Espa\u00f1a y Latinoam\u00e9rica para una pel\u00edcula sobre la vida del escritor colombiano, seg\u00fan dijo a Efe en Miami. \u00abMe qued\u00e9 fascinado con la historia de la relaci\u00f3n entre Garc\u00eda M\u00e1rquez y Rosa Helena Fergusson G\u00f3mez, a quien conoci\u00f3 a los 8 a\u00f1os y claramente le cambi\u00f3 la vida\u00bb, dijo Juul, quien compr\u00f3 los derechos del libro \u00abLa maestra y el Nobel\u00bb, de la periodista colombiana Beatriz Parga, con la intenci\u00f3n de llevarla al cine. Juul revel\u00f3 que ya ha conversado con la familia del escritor sobre el proyecto. \u00abHabl\u00e9 con Rodrigo (Garc\u00eda, hijo del autor) y me dijo que la familia no va a obstaculizar el proyecto\u00bb, detall\u00f3.<\/p>\n<p>Para lograrlo est\u00e1 ahora en la etapa de buscar inversionistas. \u00abHemos encontrado much\u00edsimo inter\u00e9s hasta en lugares que ni imagin\u00e1bamos\u00bb, indic\u00f3. Uno de ellos es China, donde descubri\u00f3 que Garc\u00eda M\u00e1rquez es el segundo autor m\u00e1s vendido. \u00abYa tenemos a distribuidores chinos y japoneses esperando el filme y hasta dispuestos a apoyar con el financiamiento\u00bb, manifest\u00f3. Tambi\u00e9n cuenta con respaldo financiero de otros empresarios, pero a\u00fan no ha completado lo que necesita para cubrir el proyecto, para el que tiene un presupuesto estimado de 15 a 20 millones de d\u00f3lares. \u00abSer\u00e1 una pel\u00edcula de m\u00e1xima calidad, con artistas importantes\u00bb, afirm\u00f3 y subray\u00f3 su inter\u00e9s en que el cartel incluya actores colombianos y de otros pa\u00edses de Am\u00e9rica Latina, as\u00ed como personal de producci\u00f3n del mundo hispano.<\/p>\n<p>EFE<\/p>\n","protected":false},"excerpt":{"rendered":"<p>El productor dan\u00e9s Niels Juul, art\u00edfice de dos de las <a href=\"https:\/\/sertv.gob.pa\/crisolfm\/gabriel-garcia-marquez-en-pelicula\/\"> [&#8230;]<\/a><\/p>\n","protected":false},"author":64,"featured_media":15234,"comment_status":"closed","ping_status":"closed","sticky":false,"template":"","format":"standard","meta":{"footnotes":""},"categories":[6],"tags":[],"class_list":["post-15232","post","type-post","status-publish","format-standard","has-post-thumbnail","hentry","category-culturales"],"_links":{"self":[{"href":"https:\/\/sertv.gob.pa\/crisolfm\/wp-json\/wp\/v2\/posts\/15232","targetHints":{"allow":["GET"]}}],"collection":[{"href":"https:\/\/sertv.gob.pa\/crisolfm\/wp-json\/wp\/v2\/posts"}],"about":[{"href":"https:\/\/sertv.gob.pa\/crisolfm\/wp-json\/wp\/v2\/types\/post"}],"author":[{"embeddable":true,"href":"https:\/\/sertv.gob.pa\/crisolfm\/wp-json\/wp\/v2\/users\/64"}],"replies":[{"embeddable":true,"href":"https:\/\/sertv.gob.pa\/crisolfm\/wp-json\/wp\/v2\/comments?post=15232"}],"version-history":[{"count":1,"href":"https:\/\/sertv.gob.pa\/crisolfm\/wp-json\/wp\/v2\/posts\/15232\/revisions"}],"predecessor-version":[{"id":15235,"href":"https:\/\/sertv.gob.pa\/crisolfm\/wp-json\/wp\/v2\/posts\/15232\/revisions\/15235"}],"wp:featuredmedia":[{"embeddable":true,"href":"https:\/\/sertv.gob.pa\/crisolfm\/wp-json\/wp\/v2\/media\/15234"}],"wp:attachment":[{"href":"https:\/\/sertv.gob.pa\/crisolfm\/wp-json\/wp\/v2\/media?parent=15232"}],"wp:term":[{"taxonomy":"category","embeddable":true,"href":"https:\/\/sertv.gob.pa\/crisolfm\/wp-json\/wp\/v2\/categories?post=15232"},{"taxonomy":"post_tag","embeddable":true,"href":"https:\/\/sertv.gob.pa\/crisolfm\/wp-json\/wp\/v2\/tags?post=15232"}],"curies":[{"name":"wp","href":"https:\/\/api.w.org\/{rel}","templated":true}]}}