{"id":15276,"date":"2018-12-26T12:41:38","date_gmt":"2018-12-26T12:41:38","guid":{"rendered":"https:\/\/sertv.gob.pa\/crisolfm\/?p=15276"},"modified":"2018-12-26T12:41:38","modified_gmt":"2018-12-26T12:41:38","slug":"murio-el-escritor-e-historiador-argentino-osvaldo-bayer","status":"publish","type":"post","link":"https:\/\/sertv.gob.pa\/crisolfm\/murio-el-escritor-e-historiador-argentino-osvaldo-bayer\/","title":{"rendered":"Muri\u00f3 el escritor e historiador argentino Osvaldo Bayer"},"content":{"rendered":"<p>El escritor, historiador y periodista argentino Osvaldo Bayer, muri\u00f3 este lunes a los 91 a\u00f1os en Buenos Aires, anunciaron allegados en su portal oficial de Facebook. \u00abLamentablemente tengo que dar una triste noticia, falleci\u00f3 Osvaldo Bayer\u00bb, escribieron en la p\u00e1gina. Su hija, la cineasta Ana Bayer public\u00f3 un mensaje en italiano, alem\u00e1n y espa\u00f1ol: \u00abUna noticia muy triste, falleci\u00f3 mi pap\u00e1\u00bb, escribi\u00f3. El destacado intelectual que se consideraba \u00abun anarquista y pacifista a ultranza\u00bb, fue el principal investigador de los sucesos ocurridos en la llamada Patagonia tr\u00e1gica, sobre la resistencia sindical anarquista de obreros y peones que termin\u00f3 en una matanza entre 1920 y 1921 en esa zona del sur argentino.<\/p>\n<p>Su libro de investigaci\u00f3n y testimonios \u00abLos vengadores de la Patagonia Tr\u00e1gica\u00bb, escrito en el inicio de la d\u00e9cada de 1970, inspir\u00f3 la pel\u00edcula \u00abLa Patagonia Rebelde\u00bb de H\u00e9ctor Olivera (1974), protagonizada por los actores H\u00e9ctor Alterio, Federico Luppi, Pepe Soriano y Luis Brandoni y de la que Bayer fue coguionista. Censurado y amenazado por la Alianza Anticomunista Argentina (Triple A) en 1975, el autor de \u00abSeverino de Giovani, el idealista de la violencia\u00bb se exili\u00f3 en Berl\u00edn donde tuvo que permanecer durante toda la \u00faltima dictadura (1976-1983). Tras la recuperaci\u00f3n democr\u00e1tica regres\u00f3 a su pa\u00eds, pero durante muchos a\u00f1os comparti\u00f3 su vida entre Buenos Aires y Berl\u00edn. Considerado uno de los grandes intelectuales argentinos del siglo XX, promovi\u00f3 la lucha por los derechos humanos e impuls\u00f3 fuertemente los juicios por los cr\u00edmenes de la dictadura en Argentina.<\/p>\n<p>AFP<\/p>\n<p>&nbsp;<\/p>\n","protected":false},"excerpt":{"rendered":"<p>El escritor, historiador y periodista argentino Osvaldo Bayer, muri\u00f3 este <a href=\"https:\/\/sertv.gob.pa\/crisolfm\/murio-el-escritor-e-historiador-argentino-osvaldo-bayer\/\"> [&#8230;]<\/a><\/p>\n","protected":false},"author":64,"featured_media":15278,"comment_status":"closed","ping_status":"closed","sticky":false,"template":"","format":"standard","meta":{"footnotes":""},"categories":[6],"tags":[],"class_list":["post-15276","post","type-post","status-publish","format-standard","has-post-thumbnail","hentry","category-culturales"],"_links":{"self":[{"href":"https:\/\/sertv.gob.pa\/crisolfm\/wp-json\/wp\/v2\/posts\/15276","targetHints":{"allow":["GET"]}}],"collection":[{"href":"https:\/\/sertv.gob.pa\/crisolfm\/wp-json\/wp\/v2\/posts"}],"about":[{"href":"https:\/\/sertv.gob.pa\/crisolfm\/wp-json\/wp\/v2\/types\/post"}],"author":[{"embeddable":true,"href":"https:\/\/sertv.gob.pa\/crisolfm\/wp-json\/wp\/v2\/users\/64"}],"replies":[{"embeddable":true,"href":"https:\/\/sertv.gob.pa\/crisolfm\/wp-json\/wp\/v2\/comments?post=15276"}],"version-history":[{"count":1,"href":"https:\/\/sertv.gob.pa\/crisolfm\/wp-json\/wp\/v2\/posts\/15276\/revisions"}],"predecessor-version":[{"id":15279,"href":"https:\/\/sertv.gob.pa\/crisolfm\/wp-json\/wp\/v2\/posts\/15276\/revisions\/15279"}],"wp:featuredmedia":[{"embeddable":true,"href":"https:\/\/sertv.gob.pa\/crisolfm\/wp-json\/wp\/v2\/media\/15278"}],"wp:attachment":[{"href":"https:\/\/sertv.gob.pa\/crisolfm\/wp-json\/wp\/v2\/media?parent=15276"}],"wp:term":[{"taxonomy":"category","embeddable":true,"href":"https:\/\/sertv.gob.pa\/crisolfm\/wp-json\/wp\/v2\/categories?post=15276"},{"taxonomy":"post_tag","embeddable":true,"href":"https:\/\/sertv.gob.pa\/crisolfm\/wp-json\/wp\/v2\/tags?post=15276"}],"curies":[{"name":"wp","href":"https:\/\/api.w.org\/{rel}","templated":true}]}}