{"id":15280,"date":"2018-12-26T12:53:50","date_gmt":"2018-12-26T12:53:50","guid":{"rendered":"https:\/\/sertv.gob.pa\/crisolfm\/?p=15280"},"modified":"2018-12-26T12:53:50","modified_gmt":"2018-12-26T12:53:50","slug":"el-museo-del-fado-cumple-20-anos-con-apuesta-por-el-talento-joven","status":"publish","type":"post","link":"https:\/\/sertv.gob.pa\/crisolfm\/el-museo-del-fado-cumple-20-anos-con-apuesta-por-el-talento-joven\/","title":{"rendered":"El Museo del Fado cumple 20 a\u00f1os con apuesta por el talento joven"},"content":{"rendered":"<p>El portugu\u00e9s suena a pausa y nostalgia, a p\u00e9rdida y redenci\u00f3n. El portugu\u00e9s suena a m\u00fasica, pero sobre todo, a fado. Los secretos de este g\u00e9nero musical se guardan en el coraz\u00f3n de la ciudad de Lisboa, en el c\u00e9ntrico Museo del Fado, que acaba de cumplir 20 a\u00f1os. Creado con la intenci\u00f3n de preservar y promover el patrimonio de los principales artistas del mundo del fado, el Museo, a los pies del emblem\u00e1tico barrio lisboeta de Alfama, acoge decenas de objetos donados por los grandes fadistas portugueses. Es, adem\u00e1s, un espacio volcado en la difusi\u00f3n del g\u00e9nero, declarado patrimonio inmaterial de la humanidad por la Unesco en 2011.<\/p>\n<p>Ahora, el fado vive una etapa de resurrecci\u00f3n gracias a una nueva generaci\u00f3n de m\u00fasicos entre los que destaca Gaspar Varela, un prometedor guitarrista de 15 a\u00f1os, apunta la directora del Museo del Fado, Sara Pereira, que atiende a Efe en las butacas del peque\u00f1o auditorio del interior del recinto. Este rejuvenecimiento tambi\u00e9n se ha trasladado al p\u00fablico: \u00abHace veinte a\u00f1os ve\u00edamos muy pocos j\u00f3venes en los conciertos de fado\u00bb, se\u00f1ala Pereira, que evoca la fundaci\u00f3n del museo, en septiembre de 1998. En el futuro, la directora del Museo del Fado conf\u00eda en la expansi\u00f3n del g\u00e9nero, aprovechando que ahora atraviesa por \u00abun momento de gran vitalidad\u00bb, en el que hay \u00abun gran di\u00e1logo\u00bb del fado con otras m\u00fasicas y con artistas de distintos pa\u00edses, lo que es \u00abmuy positivo\u00bb para atraer a nuevos p\u00fablicos.<\/p>\n<p>EFE<\/p>\n","protected":false},"excerpt":{"rendered":"<p>El portugu\u00e9s suena a pausa y nostalgia, a p\u00e9rdida y <a href=\"https:\/\/sertv.gob.pa\/crisolfm\/el-museo-del-fado-cumple-20-anos-con-apuesta-por-el-talento-joven\/\"> [&#8230;]<\/a><\/p>\n","protected":false},"author":64,"featured_media":15282,"comment_status":"closed","ping_status":"closed","sticky":false,"template":"","format":"standard","meta":{"footnotes":""},"categories":[6],"tags":[],"class_list":["post-15280","post","type-post","status-publish","format-standard","has-post-thumbnail","hentry","category-culturales"],"_links":{"self":[{"href":"https:\/\/sertv.gob.pa\/crisolfm\/wp-json\/wp\/v2\/posts\/15280","targetHints":{"allow":["GET"]}}],"collection":[{"href":"https:\/\/sertv.gob.pa\/crisolfm\/wp-json\/wp\/v2\/posts"}],"about":[{"href":"https:\/\/sertv.gob.pa\/crisolfm\/wp-json\/wp\/v2\/types\/post"}],"author":[{"embeddable":true,"href":"https:\/\/sertv.gob.pa\/crisolfm\/wp-json\/wp\/v2\/users\/64"}],"replies":[{"embeddable":true,"href":"https:\/\/sertv.gob.pa\/crisolfm\/wp-json\/wp\/v2\/comments?post=15280"}],"version-history":[{"count":1,"href":"https:\/\/sertv.gob.pa\/crisolfm\/wp-json\/wp\/v2\/posts\/15280\/revisions"}],"predecessor-version":[{"id":15283,"href":"https:\/\/sertv.gob.pa\/crisolfm\/wp-json\/wp\/v2\/posts\/15280\/revisions\/15283"}],"wp:featuredmedia":[{"embeddable":true,"href":"https:\/\/sertv.gob.pa\/crisolfm\/wp-json\/wp\/v2\/media\/15282"}],"wp:attachment":[{"href":"https:\/\/sertv.gob.pa\/crisolfm\/wp-json\/wp\/v2\/media?parent=15280"}],"wp:term":[{"taxonomy":"category","embeddable":true,"href":"https:\/\/sertv.gob.pa\/crisolfm\/wp-json\/wp\/v2\/categories?post=15280"},{"taxonomy":"post_tag","embeddable":true,"href":"https:\/\/sertv.gob.pa\/crisolfm\/wp-json\/wp\/v2\/tags?post=15280"}],"curies":[{"name":"wp","href":"https:\/\/api.w.org\/{rel}","templated":true}]}}