{"id":15328,"date":"2018-12-26T19:29:30","date_gmt":"2018-12-26T19:29:30","guid":{"rendered":"https:\/\/sertv.gob.pa\/crisolfm\/?p=15328"},"modified":"2018-12-26T19:29:30","modified_gmt":"2018-12-26T19:29:30","slug":"la-vida-de-van-gogh-contada-en-3-000-proyecciones-llega-a-madrid","status":"publish","type":"post","link":"https:\/\/sertv.gob.pa\/crisolfm\/la-vida-de-van-gogh-contada-en-3-000-proyecciones-llega-a-madrid\/","title":{"rendered":"La vida de Van Gogh contada en 3.000 proyecciones llega a Madrid"},"content":{"rendered":"<p>La exposici\u00f3n Van Gogh Alive-The Experience organizada por Grandes Exhibitions llega a Madrid de la mano de Normad Art, con una muestra multimedia de 3.000 im\u00e1genes sobre la vida del pintor holand\u00e9s que puede verse en la planta 2 del C\u00edrculo de Bellas Artes del 26 de diciembre al 26 de febrero de 2019, en el marco de su gira por Espa\u00f1a.\u00a0 La exhibici\u00f3n consiste en la proyecci\u00f3n de animaciones, im\u00e1genes en movimiento, luz y m\u00fasica que crean una atm\u00f3sfera introspectiva sobre las etapas art\u00edsticas de Vincent Van Gogh entre 1880 y 1890, su per\u00edodo m\u00e1s prol\u00edfico, as\u00ed como los momentos m\u00e1s dram\u00e1ticos de su vida.<\/p>\n<p>\u201cNos hemos separado del concepto est\u00e1tico expositivo porque queremos que el espectador se sienta libre, es decir, que se tumbe, se siente y que pasee, se deje llevar por el arte, pues la experiencia est\u00e1 en la percepci\u00f3n, que siempre ser\u00e1 diferente para todos\u201d, ha se\u00f1alado la directora de Nomad Art y comisaria de la exposici\u00f3n en Espa\u00f1a, Elena Goroskova, en rueda de prensa en Madrid este 26 de diciembre. As\u00ed, el p\u00fablico podr\u00e1 ver una serie de autorretratos del pintor, dibujos y bocetos que se forman en las paredes y el suelo, para luego pasar por las <strong>distintas etapas pict\u00f3ricas<\/strong> de Van Gogh.<\/p>\n<p>OKDIARIO<\/p>\n","protected":false},"excerpt":{"rendered":"<p>La exposici\u00f3n Van Gogh Alive-The Experience organizada por Grandes Exhibitions <a href=\"https:\/\/sertv.gob.pa\/crisolfm\/la-vida-de-van-gogh-contada-en-3-000-proyecciones-llega-a-madrid\/\"> [&#8230;]<\/a><\/p>\n","protected":false},"author":64,"featured_media":15330,"comment_status":"closed","ping_status":"closed","sticky":false,"template":"","format":"standard","meta":{"footnotes":""},"categories":[6],"tags":[],"class_list":["post-15328","post","type-post","status-publish","format-standard","has-post-thumbnail","hentry","category-culturales"],"_links":{"self":[{"href":"https:\/\/sertv.gob.pa\/crisolfm\/wp-json\/wp\/v2\/posts\/15328","targetHints":{"allow":["GET"]}}],"collection":[{"href":"https:\/\/sertv.gob.pa\/crisolfm\/wp-json\/wp\/v2\/posts"}],"about":[{"href":"https:\/\/sertv.gob.pa\/crisolfm\/wp-json\/wp\/v2\/types\/post"}],"author":[{"embeddable":true,"href":"https:\/\/sertv.gob.pa\/crisolfm\/wp-json\/wp\/v2\/users\/64"}],"replies":[{"embeddable":true,"href":"https:\/\/sertv.gob.pa\/crisolfm\/wp-json\/wp\/v2\/comments?post=15328"}],"version-history":[{"count":1,"href":"https:\/\/sertv.gob.pa\/crisolfm\/wp-json\/wp\/v2\/posts\/15328\/revisions"}],"predecessor-version":[{"id":15331,"href":"https:\/\/sertv.gob.pa\/crisolfm\/wp-json\/wp\/v2\/posts\/15328\/revisions\/15331"}],"wp:featuredmedia":[{"embeddable":true,"href":"https:\/\/sertv.gob.pa\/crisolfm\/wp-json\/wp\/v2\/media\/15330"}],"wp:attachment":[{"href":"https:\/\/sertv.gob.pa\/crisolfm\/wp-json\/wp\/v2\/media?parent=15328"}],"wp:term":[{"taxonomy":"category","embeddable":true,"href":"https:\/\/sertv.gob.pa\/crisolfm\/wp-json\/wp\/v2\/categories?post=15328"},{"taxonomy":"post_tag","embeddable":true,"href":"https:\/\/sertv.gob.pa\/crisolfm\/wp-json\/wp\/v2\/tags?post=15328"}],"curies":[{"name":"wp","href":"https:\/\/api.w.org\/{rel}","templated":true}]}}