{"id":15363,"date":"2018-12-27T14:21:45","date_gmt":"2018-12-27T14:21:45","guid":{"rendered":"https:\/\/sertv.gob.pa\/crisolfm\/?p=15363"},"modified":"2018-12-27T14:21:45","modified_gmt":"2018-12-27T14:21:45","slug":"fallece-el-intelectual-carlos-rincon-en-alemania","status":"publish","type":"post","link":"https:\/\/sertv.gob.pa\/crisolfm\/fallece-el-intelectual-carlos-rincon-en-alemania\/","title":{"rendered":"Fallece el intelectual Carlos Rinc\u00f3n en Alemania"},"content":{"rendered":"<p>Este 24 de diciembre en horas de la ma\u00f1ana muri\u00f3 a los 81 a\u00f1os por complicaciones derivadas del c\u00e1ncer, en su casa en la Hortensienstrasse de Berl\u00edn, Carlos Eduardo Rinc\u00f3n Bol\u00edvar, en compa\u00f1\u00eda de su esposa Gerda Schattenberg. Sin embargo, como El inmortal, personaje de Jorge Luis Borges, acerca del cual escribi\u00f3\u00a0un espl\u00e9ndido ensayo, encontrar\u00eda en la literatura, el r\u00edo secreto que purifica de la muerte a los hombres.<\/p>\n<p>Despu\u00e9s de graduarse de filosof\u00eda de la Universidad Nacional, Rinc\u00f3n se radic\u00f3 en Alemania oriental para realizar sus estudios doctorales en la Universidad de Leipzing \u2013alma m\u00e1ter que en el 2003 le otorga adem\u00e1s el doctorado honoris causa\u2013. Werner Krauss, el \u00faltimo gran romanista alem\u00e1n de quien fue colaborador, lo acogi\u00f3 en la Academia de Ciencias de Berl\u00edn, al igual que Elizabeth Hauptmann, antigua colaboradora de Bertolt Brecht, en el Berliner Ensemble. Ense\u00f1\u00f3 como profesor em\u00e9rito, desde 1990 hasta su retiro, en el Instituto Central para Am\u00e9rica Latina de la Freie Universit\u00e4t Berlin (Universidad Libre de Berl\u00edn). Por estas acciones fue declarado por el pintor Roberto Matta como el colombiano m\u00e1s prusiano, pues a pesar de residir en tierras germanas siempre mantuvo el inter\u00e9s de ahondar sobre la conformaci\u00f3n cultural de su pa\u00eds. Quiz\u00e1s por este motivo muchos pensadores sugieren que gracias a los estudios de Rinc\u00f3n, Colombia ha avanzando en la modernizaci\u00f3n de su identidad cultural.<\/p>\n<p>El Espectador<\/p>\n","protected":false},"excerpt":{"rendered":"<p>Este 24 de diciembre en horas de la ma\u00f1ana muri\u00f3 <a href=\"https:\/\/sertv.gob.pa\/crisolfm\/fallece-el-intelectual-carlos-rincon-en-alemania\/\"> [&#8230;]<\/a><\/p>\n","protected":false},"author":64,"featured_media":15365,"comment_status":"closed","ping_status":"closed","sticky":false,"template":"","format":"standard","meta":{"footnotes":""},"categories":[6],"tags":[],"class_list":["post-15363","post","type-post","status-publish","format-standard","has-post-thumbnail","hentry","category-culturales"],"_links":{"self":[{"href":"https:\/\/sertv.gob.pa\/crisolfm\/wp-json\/wp\/v2\/posts\/15363","targetHints":{"allow":["GET"]}}],"collection":[{"href":"https:\/\/sertv.gob.pa\/crisolfm\/wp-json\/wp\/v2\/posts"}],"about":[{"href":"https:\/\/sertv.gob.pa\/crisolfm\/wp-json\/wp\/v2\/types\/post"}],"author":[{"embeddable":true,"href":"https:\/\/sertv.gob.pa\/crisolfm\/wp-json\/wp\/v2\/users\/64"}],"replies":[{"embeddable":true,"href":"https:\/\/sertv.gob.pa\/crisolfm\/wp-json\/wp\/v2\/comments?post=15363"}],"version-history":[{"count":1,"href":"https:\/\/sertv.gob.pa\/crisolfm\/wp-json\/wp\/v2\/posts\/15363\/revisions"}],"predecessor-version":[{"id":15366,"href":"https:\/\/sertv.gob.pa\/crisolfm\/wp-json\/wp\/v2\/posts\/15363\/revisions\/15366"}],"wp:featuredmedia":[{"embeddable":true,"href":"https:\/\/sertv.gob.pa\/crisolfm\/wp-json\/wp\/v2\/media\/15365"}],"wp:attachment":[{"href":"https:\/\/sertv.gob.pa\/crisolfm\/wp-json\/wp\/v2\/media?parent=15363"}],"wp:term":[{"taxonomy":"category","embeddable":true,"href":"https:\/\/sertv.gob.pa\/crisolfm\/wp-json\/wp\/v2\/categories?post=15363"},{"taxonomy":"post_tag","embeddable":true,"href":"https:\/\/sertv.gob.pa\/crisolfm\/wp-json\/wp\/v2\/tags?post=15363"}],"curies":[{"name":"wp","href":"https:\/\/api.w.org\/{rel}","templated":true}]}}