{"id":15372,"date":"2018-12-27T14:54:08","date_gmt":"2018-12-27T14:54:08","guid":{"rendered":"https:\/\/sertv.gob.pa\/crisolfm\/?p=15372"},"modified":"2018-12-27T14:54:08","modified_gmt":"2018-12-27T14:54:08","slug":"hallan-una-espada-medieval-durante-unas-obras-en-el-castillo-de-ain","status":"publish","type":"post","link":"https:\/\/sertv.gob.pa\/crisolfm\/hallan-una-espada-medieval-durante-unas-obras-en-el-castillo-de-ain\/","title":{"rendered":"Hallan una espada medieval durante unas obras en el castillo de A\u00edn"},"content":{"rendered":"<p>La <strong>Generalitat Valenciana<\/strong>, junto con el Ayuntamiento de A\u00edn (Castell\u00f3n), han cofinanciado este a\u00f1o la segunda fase del proyecto para la consolidaci\u00f3n del sector sudoeste de la<strong> muralla del castillo<\/strong> de esta localidad de la Plana Baixa. Se trata de un proyecto encaminado a evitar el creciente deterioro de este monumento, garantizar su estabilidad y permitir su puesta en valor como recurso cultural de primer orden.<\/p>\n<p>Pero durante las <strong>excavaciones arqueol\u00f3gicas<\/strong> dirigidas por Vicente Viv\u00f3 se ha producido un hallazgo que va m\u00e1s all\u00e1 de las previsiones que se tengan para el futuro de esta fortaleza. As\u00ed, se hall\u00f3 una pieza singular, una espada medieval en muy buen estado de conservaci\u00f3n. Lo excepcional del hallazgo sorprendi\u00f3 a los t\u00e9cnicos y ciudadanos de A\u00edn, ya que encontrar este tipo de piezas en una excavaci\u00f3n arqueol\u00f3gica es <strong>extremadamente inusual<\/strong>, lo que la convierte en un hallazgo excepcional que no ha tardado en despertar el inter\u00e9s de los vecinos que ya la han bautizado como la espadana.<\/p>\n<p>El Mundo<\/p>\n","protected":false},"excerpt":{"rendered":"<p>La Generalitat Valenciana, junto con el Ayuntamiento de A\u00edn (Castell\u00f3n), <a href=\"https:\/\/sertv.gob.pa\/crisolfm\/hallan-una-espada-medieval-durante-unas-obras-en-el-castillo-de-ain\/\"> [&#8230;]<\/a><\/p>\n","protected":false},"author":64,"featured_media":15374,"comment_status":"closed","ping_status":"closed","sticky":false,"template":"","format":"standard","meta":{"footnotes":""},"categories":[6],"tags":[],"class_list":["post-15372","post","type-post","status-publish","format-standard","has-post-thumbnail","hentry","category-culturales"],"_links":{"self":[{"href":"https:\/\/sertv.gob.pa\/crisolfm\/wp-json\/wp\/v2\/posts\/15372","targetHints":{"allow":["GET"]}}],"collection":[{"href":"https:\/\/sertv.gob.pa\/crisolfm\/wp-json\/wp\/v2\/posts"}],"about":[{"href":"https:\/\/sertv.gob.pa\/crisolfm\/wp-json\/wp\/v2\/types\/post"}],"author":[{"embeddable":true,"href":"https:\/\/sertv.gob.pa\/crisolfm\/wp-json\/wp\/v2\/users\/64"}],"replies":[{"embeddable":true,"href":"https:\/\/sertv.gob.pa\/crisolfm\/wp-json\/wp\/v2\/comments?post=15372"}],"version-history":[{"count":1,"href":"https:\/\/sertv.gob.pa\/crisolfm\/wp-json\/wp\/v2\/posts\/15372\/revisions"}],"predecessor-version":[{"id":15375,"href":"https:\/\/sertv.gob.pa\/crisolfm\/wp-json\/wp\/v2\/posts\/15372\/revisions\/15375"}],"wp:featuredmedia":[{"embeddable":true,"href":"https:\/\/sertv.gob.pa\/crisolfm\/wp-json\/wp\/v2\/media\/15374"}],"wp:attachment":[{"href":"https:\/\/sertv.gob.pa\/crisolfm\/wp-json\/wp\/v2\/media?parent=15372"}],"wp:term":[{"taxonomy":"category","embeddable":true,"href":"https:\/\/sertv.gob.pa\/crisolfm\/wp-json\/wp\/v2\/categories?post=15372"},{"taxonomy":"post_tag","embeddable":true,"href":"https:\/\/sertv.gob.pa\/crisolfm\/wp-json\/wp\/v2\/tags?post=15372"}],"curies":[{"name":"wp","href":"https:\/\/api.w.org\/{rel}","templated":true}]}}