{"id":15394,"date":"2018-12-27T17:56:23","date_gmt":"2018-12-27T17:56:23","guid":{"rendered":"https:\/\/sertv.gob.pa\/crisolfm\/?p=15394"},"modified":"2018-12-27T17:56:23","modified_gmt":"2018-12-27T17:56:23","slug":"la-publicacion-de-libros-de-filosofia-se-reduce-un-62-en-7-anos","status":"publish","type":"post","link":"https:\/\/sertv.gob.pa\/crisolfm\/la-publicacion-de-libros-de-filosofia-se-reduce-un-62-en-7-anos\/","title":{"rendered":"La publicaci\u00f3n de libros de filosof\u00eda se reduce un 62% en 7 a\u00f1os"},"content":{"rendered":"<p>La <a href=\"https:\/\/elpais.com\/tag\/filosofia\/a\" target=\"_blank\" rel=\"noopener\">filosof\u00eda<\/a> est\u00e1 bajo m\u00ednimos en las librer\u00edas. Un alumno de 16 a\u00f1os puede finalizar la educaci\u00f3n obligatoria sin tener noticias de <a href=\"https:\/\/elpais.com\/tag\/immanuel_kant\/a\" target=\"_blank\" rel=\"noopener\">Kant<\/a>. Y esa deforestaci\u00f3n del saber, ejecutada por el PP en 2013 con la <a href=\"https:\/\/elpais.com\/tag\/lomce_ley_organica_mejora_calidad_ensenanza\/a\" target=\"_blank\" rel=\"noopener\">Lomce (la Ley Org\u00e1nica para la Mejora de la Calidad Educativa<\/a> que suprimi\u00f3 \u00c9tica de 4\u00ba de la ESO y Filosof\u00eda como troncal en 2\u00ba de Bachillerato), tambi\u00e9n ha llegado a las librer\u00edas: en 2017 se publicaron en Espa\u00f1a 1.612 t\u00edtulos de esta materia, tal y como ha hecho p\u00fablico el <a href=\"https:\/\/elpais.com\/tag\/ine_instituto_nacional_estadistica\/a\" target=\"_blank\" rel=\"noopener\">INE<\/a> hace unos d\u00edas.<\/p>\n<p>A pesar de que los 62.187 nuevos t\u00edtulos que se comercializaron son el dato m\u00e1s alto del \u00faltimo lustro, la filosof\u00eda ha tocado fondo con la cifra m\u00e1s baja desde que el <a href=\"https:\/\/elpais.com\/tecnologia\/2012\/03\/09\/actualidad\/1331281096_747854.html\" target=\"_blank\" rel=\"noopener\">ISBN<\/a> capta datos de la industria editorial. \u00a0El g\u00e9nero retrocede en los \u00faltimos siete a\u00f1os, con una ca\u00edda del 62,4% desde 2011, cuando se publicaron 4.291 libros. Esto no ocurre en otras disciplinas como la historia o la literatura, que crecen.<\/p>\n<p>El Pa\u00eds<\/p>\n","protected":false},"excerpt":{"rendered":"<p>La filosof\u00eda est\u00e1 bajo m\u00ednimos en las librer\u00edas. Un alumno <a href=\"https:\/\/sertv.gob.pa\/crisolfm\/la-publicacion-de-libros-de-filosofia-se-reduce-un-62-en-7-anos\/\"> [&#8230;]<\/a><\/p>\n","protected":false},"author":64,"featured_media":15396,"comment_status":"closed","ping_status":"closed","sticky":false,"template":"","format":"standard","meta":{"footnotes":""},"categories":[6],"tags":[],"class_list":["post-15394","post","type-post","status-publish","format-standard","has-post-thumbnail","hentry","category-culturales"],"_links":{"self":[{"href":"https:\/\/sertv.gob.pa\/crisolfm\/wp-json\/wp\/v2\/posts\/15394","targetHints":{"allow":["GET"]}}],"collection":[{"href":"https:\/\/sertv.gob.pa\/crisolfm\/wp-json\/wp\/v2\/posts"}],"about":[{"href":"https:\/\/sertv.gob.pa\/crisolfm\/wp-json\/wp\/v2\/types\/post"}],"author":[{"embeddable":true,"href":"https:\/\/sertv.gob.pa\/crisolfm\/wp-json\/wp\/v2\/users\/64"}],"replies":[{"embeddable":true,"href":"https:\/\/sertv.gob.pa\/crisolfm\/wp-json\/wp\/v2\/comments?post=15394"}],"version-history":[{"count":1,"href":"https:\/\/sertv.gob.pa\/crisolfm\/wp-json\/wp\/v2\/posts\/15394\/revisions"}],"predecessor-version":[{"id":15397,"href":"https:\/\/sertv.gob.pa\/crisolfm\/wp-json\/wp\/v2\/posts\/15394\/revisions\/15397"}],"wp:featuredmedia":[{"embeddable":true,"href":"https:\/\/sertv.gob.pa\/crisolfm\/wp-json\/wp\/v2\/media\/15396"}],"wp:attachment":[{"href":"https:\/\/sertv.gob.pa\/crisolfm\/wp-json\/wp\/v2\/media?parent=15394"}],"wp:term":[{"taxonomy":"category","embeddable":true,"href":"https:\/\/sertv.gob.pa\/crisolfm\/wp-json\/wp\/v2\/categories?post=15394"},{"taxonomy":"post_tag","embeddable":true,"href":"https:\/\/sertv.gob.pa\/crisolfm\/wp-json\/wp\/v2\/tags?post=15394"}],"curies":[{"name":"wp","href":"https:\/\/api.w.org\/{rel}","templated":true}]}}