{"id":15418,"date":"2018-12-28T13:59:19","date_gmt":"2018-12-28T13:59:19","guid":{"rendered":"https:\/\/sertv.gob.pa\/crisolfm\/?p=15418"},"modified":"2018-12-28T13:59:19","modified_gmt":"2018-12-28T13:59:19","slug":"estudiantes-presentan-libro-de-versos-juveniles","status":"publish","type":"post","link":"https:\/\/sertv.gob.pa\/crisolfm\/estudiantes-presentan-libro-de-versos-juveniles\/","title":{"rendered":"Estudiantes presentan libro de versos juveniles"},"content":{"rendered":"<p>Estudiantes y profesores del Instituto Profesional y T\u00e9cnico de La Chorrera (IPTCH) presentaron su primer libro de versos juveniles: Panam\u00e1 ayer y hoy. La obra colectiva recoge 24 poes\u00edas alusivas a sitios emblem\u00e1ticos de la ciudad capital y a hechos hist\u00f3ricos ocurridos en el pa\u00eds. Los versos fueron escritos por 22 estudiantes de s\u00e9ptimo y noveno grado, destac\u00e1ndose la participaci\u00f3n de j\u00f3venes con discapacidad. Todo esto enmarcado en la celebraci\u00f3n de los 500 a\u00f1os de la fundaci\u00f3n de la ciudad de Panam\u00e1, pr\u00f3xima a conmemorarse en el mes de agosto de 2019.<\/p>\n<p>Las 57 p\u00e1ginas del libro recogen poemas como \u2018Panam\u00e1, t\u00fa nombre&#8217;, \u2018Mi Panam\u00e1 la vieja-Panam\u00e1 actual&#8217;, \u2018La antigua Panam\u00e1-La ciudad de Panam\u00e1&#8217;, \u2018Retazos de tu pasado&#8217;, \u2018Panam\u00e1 la Vieja&#8217;, \u2018Panam\u00e1, lloras sin parar&#8217;, \u2018La ciudad de Panam\u00e1&#8217;, \u2018Casa nueva&#8217;, \u2018Mi ciudad&#8217;, \u2018Anhelos&#8217;, \u2018Amo mi pa\u00eds&#8217;, \u2018La hermosa Panam\u00e1&#8217;, \u2018Panam\u00e1 es un tesoro&#8217;, \u2018Panam\u00e1 de cristal&#8217;, \u2018Panam\u00e1 tierra m\u00eda&#8217;, \u2018Panam\u00e1 tierra bendita&#8217;, \u2018Orgullo paname\u00f1o&#8217;, \u2018La ciudad de Panam\u00e1, la vieja&#8217;, \u2018Panam\u00e1 la bella&#8217;, \u2018Mi querida Panam\u00e1 la vieja&#8217;, \u2018Recuerdo de Panam\u00e1&#8217;, \u2018Patria entera y la Catedral&#8217;.<\/p>\n<p>&nbsp;<\/p>\n","protected":false},"excerpt":{"rendered":"<p>Estudiantes y profesores del Instituto Profesional y T\u00e9cnico de La <a href=\"https:\/\/sertv.gob.pa\/crisolfm\/estudiantes-presentan-libro-de-versos-juveniles\/\"> [&#8230;]<\/a><\/p>\n","protected":false},"author":64,"featured_media":15420,"comment_status":"closed","ping_status":"closed","sticky":false,"template":"","format":"standard","meta":{"footnotes":""},"categories":[6],"tags":[],"class_list":["post-15418","post","type-post","status-publish","format-standard","has-post-thumbnail","hentry","category-culturales"],"_links":{"self":[{"href":"https:\/\/sertv.gob.pa\/crisolfm\/wp-json\/wp\/v2\/posts\/15418","targetHints":{"allow":["GET"]}}],"collection":[{"href":"https:\/\/sertv.gob.pa\/crisolfm\/wp-json\/wp\/v2\/posts"}],"about":[{"href":"https:\/\/sertv.gob.pa\/crisolfm\/wp-json\/wp\/v2\/types\/post"}],"author":[{"embeddable":true,"href":"https:\/\/sertv.gob.pa\/crisolfm\/wp-json\/wp\/v2\/users\/64"}],"replies":[{"embeddable":true,"href":"https:\/\/sertv.gob.pa\/crisolfm\/wp-json\/wp\/v2\/comments?post=15418"}],"version-history":[{"count":1,"href":"https:\/\/sertv.gob.pa\/crisolfm\/wp-json\/wp\/v2\/posts\/15418\/revisions"}],"predecessor-version":[{"id":15421,"href":"https:\/\/sertv.gob.pa\/crisolfm\/wp-json\/wp\/v2\/posts\/15418\/revisions\/15421"}],"wp:featuredmedia":[{"embeddable":true,"href":"https:\/\/sertv.gob.pa\/crisolfm\/wp-json\/wp\/v2\/media\/15420"}],"wp:attachment":[{"href":"https:\/\/sertv.gob.pa\/crisolfm\/wp-json\/wp\/v2\/media?parent=15418"}],"wp:term":[{"taxonomy":"category","embeddable":true,"href":"https:\/\/sertv.gob.pa\/crisolfm\/wp-json\/wp\/v2\/categories?post=15418"},{"taxonomy":"post_tag","embeddable":true,"href":"https:\/\/sertv.gob.pa\/crisolfm\/wp-json\/wp\/v2\/tags?post=15418"}],"curies":[{"name":"wp","href":"https:\/\/api.w.org\/{rel}","templated":true}]}}