{"id":15426,"date":"2018-12-28T14:14:03","date_gmt":"2018-12-28T14:14:03","guid":{"rendered":"https:\/\/sertv.gob.pa\/crisolfm\/?p=15426"},"modified":"2018-12-28T14:14:03","modified_gmt":"2018-12-28T14:14:03","slug":"una-exposicion-y-una-aplicacion-para-los-50-cumpleanos-de-schumi","status":"publish","type":"post","link":"https:\/\/sertv.gob.pa\/crisolfm\/una-exposicion-y-una-aplicacion-para-los-50-cumpleanos-de-schumi\/","title":{"rendered":"Una exposici\u00f3n y una aplicaci\u00f3n para los 50 cumplea\u00f1os de \u201cSchumi\u201d"},"content":{"rendered":"<p>El Museo Ferrari inaugurar\u00e1 el 3 de enero en Maranello una exposici\u00f3n dedicada a Michael Schumacher, y la Fundaci\u00f3n Keep Fighting lanzar\u00e1 una aplicaci\u00f3n para los aficionados ese mismo d\u00eda, el del 50 cumplea\u00f1os de &#8216;Schumi&#8217;, siete veces campe\u00f3n del mundo de F1, cinco de ellas con la Scuderia. \u00abEstamos en contacto con numerosos aficionados, en las redes sociales, y la familia Schumacher desea centrarse en la imagen de Michael, un campe\u00f3n fuerte y orgulloso, m\u00e1s que en la fecha del 29 de diciembre&#8230;\u00bb, la del grave accidente de esqu\u00ed en 2013 del piloto alem\u00e1n, explic\u00f3 este viernes a la AFP Sabine Kehm, responsable de comunicaci\u00f3n de Schumacher tras el accidente. Desde hace cinco a\u00f1os no se ha emitido ning\u00fan comunicado m\u00e9dico sobre su estado.<\/p>\n<p>Schumacher \u00abfue v\u00edctima de graves lesiones en la cabeza\u00bb y \u00abdesde entonces no volvi\u00f3 a ser visto en p\u00fablico\u00bb, recuerda Ferrari en un comunicado de presentaci\u00f3n de la exposici\u00f3n, bautizada &#8216;Michael 50&#8217;. Adem\u00e1s, una aplicaci\u00f3n en ingl\u00e9s y en alem\u00e1n, la &#8216;Official Michael Schumacher App&#8217;, permitir\u00e1 a los aficionados visionar im\u00e1genes de la colecci\u00f3n de sus veh\u00edculos de carrera expuestos de forma permanente en el Motorworld de Colonia. \u00abEs un museo virtual, muy rico en contenido y en tecnolog\u00eda\u00bb, indica la Fundaci\u00f3n Keep Fighting, con varios F1 \u00aben 3D\u00bb y el registro sonoro del \u00abruido de los motores\u00bb, o una entrevista in\u00e9dita del piloto concedida en 2013, resume Sabine Kehm.<\/p>\n<p>AFP<\/p>\n","protected":false},"excerpt":{"rendered":"<p>El Museo Ferrari inaugurar\u00e1 el 3 de enero en Maranello <a href=\"https:\/\/sertv.gob.pa\/crisolfm\/una-exposicion-y-una-aplicacion-para-los-50-cumpleanos-de-schumi\/\"> [&#8230;]<\/a><\/p>\n","protected":false},"author":64,"featured_media":15428,"comment_status":"closed","ping_status":"closed","sticky":false,"template":"","format":"standard","meta":{"footnotes":""},"categories":[6],"tags":[],"class_list":["post-15426","post","type-post","status-publish","format-standard","has-post-thumbnail","hentry","category-culturales"],"_links":{"self":[{"href":"https:\/\/sertv.gob.pa\/crisolfm\/wp-json\/wp\/v2\/posts\/15426","targetHints":{"allow":["GET"]}}],"collection":[{"href":"https:\/\/sertv.gob.pa\/crisolfm\/wp-json\/wp\/v2\/posts"}],"about":[{"href":"https:\/\/sertv.gob.pa\/crisolfm\/wp-json\/wp\/v2\/types\/post"}],"author":[{"embeddable":true,"href":"https:\/\/sertv.gob.pa\/crisolfm\/wp-json\/wp\/v2\/users\/64"}],"replies":[{"embeddable":true,"href":"https:\/\/sertv.gob.pa\/crisolfm\/wp-json\/wp\/v2\/comments?post=15426"}],"version-history":[{"count":1,"href":"https:\/\/sertv.gob.pa\/crisolfm\/wp-json\/wp\/v2\/posts\/15426\/revisions"}],"predecessor-version":[{"id":15429,"href":"https:\/\/sertv.gob.pa\/crisolfm\/wp-json\/wp\/v2\/posts\/15426\/revisions\/15429"}],"wp:featuredmedia":[{"embeddable":true,"href":"https:\/\/sertv.gob.pa\/crisolfm\/wp-json\/wp\/v2\/media\/15428"}],"wp:attachment":[{"href":"https:\/\/sertv.gob.pa\/crisolfm\/wp-json\/wp\/v2\/media?parent=15426"}],"wp:term":[{"taxonomy":"category","embeddable":true,"href":"https:\/\/sertv.gob.pa\/crisolfm\/wp-json\/wp\/v2\/categories?post=15426"},{"taxonomy":"post_tag","embeddable":true,"href":"https:\/\/sertv.gob.pa\/crisolfm\/wp-json\/wp\/v2\/tags?post=15426"}],"curies":[{"name":"wp","href":"https:\/\/api.w.org\/{rel}","templated":true}]}}