{"id":15449,"date":"2018-12-28T18:09:09","date_gmt":"2018-12-28T18:09:09","guid":{"rendered":"https:\/\/sertv.gob.pa\/crisolfm\/?p=15449"},"modified":"2018-12-28T18:09:09","modified_gmt":"2018-12-28T18:09:09","slug":"fallece-el-celebre-escritor-israeli-amos-oz","status":"publish","type":"post","link":"https:\/\/sertv.gob.pa\/crisolfm\/fallece-el-celebre-escritor-israeli-amos-oz\/","title":{"rendered":"Fallece el c\u00e9lebre escritor israel\u00ed Amos Oz"},"content":{"rendered":"<p>El c\u00e9lebre escritor israel\u00ed Amos Oz, un apasionado defensor de la paz, cuya autobiograf\u00eda novelada Una historia de amor y oscuridad se convirti\u00f3 en un \u00e9xito mundial, muri\u00f3 este viernes a los 79 a\u00f1os, anunci\u00f3 su hija. Fania Oz -Salzberger indic\u00f3 en la red Twitter que su padre muri\u00f3 como consecuencia de un c\u00e1ncer, y expres\u00f3 su agradecimiento \u00aba quienes lo quisieron\u00bb. Uno de los primeros tributos al escritor provino del portavoz del ministerio de Exteriores israel\u00ed, Emmanuel Nahshon, quien calific\u00f3 su muerte de \u00abp\u00e9rdida para todos nosotros y para el mundo\u00bb.<\/p>\n<p>Amos Oz fue internacionalmente aclamado como escritor, pero era tambi\u00e9n conocido por sus cr\u00edticas, desde el principio, a la ocupaci\u00f3n por parte de Israel de los Territorios palestinos invadidos durante la Guerra de los Seis D\u00edas, en 1967. \u00daltimamente fue muy cr\u00edtico con las pol\u00edticas del primer ministro Benjamin Netabyahu, calificando de \u00abcreciente extremismo\u00bb la acci\u00f3n de su gobierno. El escritor, nacido en Jerusal\u00e9n el 4 de mayo de 1939 en una familia de origen ruso y polaco, obtuvo el prestigioso premio Goethe en 2005 en Alemania. Oz recibi\u00f3 asimismo el premio Israel de literatura en 1998, el premio Mediterr\u00e1neo (extranjero) en 2010 y el premio Franz Kafka en 2013.Estaba casado y era padre de tres hijos.<\/p>\n<p>AFP<\/p>\n","protected":false},"excerpt":{"rendered":"<p>El c\u00e9lebre escritor israel\u00ed Amos Oz, un apasionado defensor de <a href=\"https:\/\/sertv.gob.pa\/crisolfm\/fallece-el-celebre-escritor-israeli-amos-oz\/\"> [&#8230;]<\/a><\/p>\n","protected":false},"author":64,"featured_media":15451,"comment_status":"closed","ping_status":"closed","sticky":false,"template":"","format":"standard","meta":{"footnotes":""},"categories":[6],"tags":[],"class_list":["post-15449","post","type-post","status-publish","format-standard","has-post-thumbnail","hentry","category-culturales"],"_links":{"self":[{"href":"https:\/\/sertv.gob.pa\/crisolfm\/wp-json\/wp\/v2\/posts\/15449","targetHints":{"allow":["GET"]}}],"collection":[{"href":"https:\/\/sertv.gob.pa\/crisolfm\/wp-json\/wp\/v2\/posts"}],"about":[{"href":"https:\/\/sertv.gob.pa\/crisolfm\/wp-json\/wp\/v2\/types\/post"}],"author":[{"embeddable":true,"href":"https:\/\/sertv.gob.pa\/crisolfm\/wp-json\/wp\/v2\/users\/64"}],"replies":[{"embeddable":true,"href":"https:\/\/sertv.gob.pa\/crisolfm\/wp-json\/wp\/v2\/comments?post=15449"}],"version-history":[{"count":1,"href":"https:\/\/sertv.gob.pa\/crisolfm\/wp-json\/wp\/v2\/posts\/15449\/revisions"}],"predecessor-version":[{"id":15452,"href":"https:\/\/sertv.gob.pa\/crisolfm\/wp-json\/wp\/v2\/posts\/15449\/revisions\/15452"}],"wp:featuredmedia":[{"embeddable":true,"href":"https:\/\/sertv.gob.pa\/crisolfm\/wp-json\/wp\/v2\/media\/15451"}],"wp:attachment":[{"href":"https:\/\/sertv.gob.pa\/crisolfm\/wp-json\/wp\/v2\/media?parent=15449"}],"wp:term":[{"taxonomy":"category","embeddable":true,"href":"https:\/\/sertv.gob.pa\/crisolfm\/wp-json\/wp\/v2\/categories?post=15449"},{"taxonomy":"post_tag","embeddable":true,"href":"https:\/\/sertv.gob.pa\/crisolfm\/wp-json\/wp\/v2\/tags?post=15449"}],"curies":[{"name":"wp","href":"https:\/\/api.w.org\/{rel}","templated":true}]}}