{"id":15453,"date":"2018-12-31T13:20:18","date_gmt":"2018-12-31T13:20:18","guid":{"rendered":"https:\/\/sertv.gob.pa\/crisolfm\/?p=15453"},"modified":"2018-12-31T13:20:18","modified_gmt":"2018-12-31T13:20:18","slug":"expo-infantil-2019-en-megapolis-convention-center","status":"publish","type":"post","link":"https:\/\/sertv.gob.pa\/crisolfm\/expo-infantil-2019-en-megapolis-convention-center\/","title":{"rendered":"Expo Infantil, 2019, en Megapolis Convention Center"},"content":{"rendered":"<p>En el marco de la Feria del Beb\u00e9 Panam\u00e1 2019, se realizar\u00e1 la Expo Infantil, actividad dedicada a comerciantes y padres interesados en productos y servicios para ni\u00f1os entre los 5 y 10 a\u00f1os de edad. Expo Infantil es un espacio ideal para promover la nutrici\u00f3n, la salud y conocer los mejores productos y servicios para ni\u00f1os en la etapa escolar.<\/p>\n<p>La feria tendr\u00e1 lugar en el Megapolis Convention Center los d\u00edas 15, 16 y 17 de febrero de 2019.<\/p>\n","protected":false},"excerpt":{"rendered":"<p>En el marco de la Feria del Beb\u00e9 Panam\u00e1 2019, <a href=\"https:\/\/sertv.gob.pa\/crisolfm\/expo-infantil-2019-en-megapolis-convention-center\/\"> [&#8230;]<\/a><\/p>\n","protected":false},"author":64,"featured_media":15455,"comment_status":"closed","ping_status":"closed","sticky":false,"template":"","format":"standard","meta":{"footnotes":""},"categories":[6],"tags":[],"class_list":["post-15453","post","type-post","status-publish","format-standard","has-post-thumbnail","hentry","category-culturales"],"_links":{"self":[{"href":"https:\/\/sertv.gob.pa\/crisolfm\/wp-json\/wp\/v2\/posts\/15453","targetHints":{"allow":["GET"]}}],"collection":[{"href":"https:\/\/sertv.gob.pa\/crisolfm\/wp-json\/wp\/v2\/posts"}],"about":[{"href":"https:\/\/sertv.gob.pa\/crisolfm\/wp-json\/wp\/v2\/types\/post"}],"author":[{"embeddable":true,"href":"https:\/\/sertv.gob.pa\/crisolfm\/wp-json\/wp\/v2\/users\/64"}],"replies":[{"embeddable":true,"href":"https:\/\/sertv.gob.pa\/crisolfm\/wp-json\/wp\/v2\/comments?post=15453"}],"version-history":[{"count":1,"href":"https:\/\/sertv.gob.pa\/crisolfm\/wp-json\/wp\/v2\/posts\/15453\/revisions"}],"predecessor-version":[{"id":15456,"href":"https:\/\/sertv.gob.pa\/crisolfm\/wp-json\/wp\/v2\/posts\/15453\/revisions\/15456"}],"wp:featuredmedia":[{"embeddable":true,"href":"https:\/\/sertv.gob.pa\/crisolfm\/wp-json\/wp\/v2\/media\/15455"}],"wp:attachment":[{"href":"https:\/\/sertv.gob.pa\/crisolfm\/wp-json\/wp\/v2\/media?parent=15453"}],"wp:term":[{"taxonomy":"category","embeddable":true,"href":"https:\/\/sertv.gob.pa\/crisolfm\/wp-json\/wp\/v2\/categories?post=15453"},{"taxonomy":"post_tag","embeddable":true,"href":"https:\/\/sertv.gob.pa\/crisolfm\/wp-json\/wp\/v2\/tags?post=15453"}],"curies":[{"name":"wp","href":"https:\/\/api.w.org\/{rel}","templated":true}]}}