{"id":15465,"date":"2018-12-31T13:36:52","date_gmt":"2018-12-31T13:36:52","guid":{"rendered":"https:\/\/sertv.gob.pa\/crisolfm\/?p=15465"},"modified":"2018-12-31T13:36:52","modified_gmt":"2018-12-31T13:36:52","slug":"el-ballet-de-la-opera-de-astana-se-presento-en-espana","status":"publish","type":"post","link":"https:\/\/sertv.gob.pa\/crisolfm\/el-ballet-de-la-opera-de-astana-se-presento-en-espana\/","title":{"rendered":"El Ballet de la \u00d3pera de Astan\u00e1 se present\u00f3 en Espa\u00f1a"},"content":{"rendered":"<p>El Ballet de la \u00d3pera de Astan\u00e1, Kazajist\u00e1n, ha actuado por primera vez en Espa\u00f1a, en el Palau de les Arts Reina Sof\u00eda de Valencia, con una versi\u00f3n de \u00abEl lago de los cisnes\u00bb de Chaikovski, en un recital que ha contado con la colaboraci\u00f3n musical de la orquesta de la Comunidad Valenciana. \u00abLos m\u00fasicos en Valencia son perfectos, muy profesionales y de gran nivel\u00bb, ha manifestado a Efe la directora art\u00edstica del Ballet de la \u00d3pera de Astan\u00e1, Assylmuratova Altynay, quien considera que esta fusi\u00f3n de ballet y m\u00fasica entre Espa\u00f1a y Kazajist\u00e1n \u00abva a trasmitir mucha emoci\u00f3n al p\u00fablico que asista a las funciones\u00bb. Respecto al espect\u00e1culo, la directora ha se\u00f1alado que esta versi\u00f3n \u00abmantiene la esencia\u00bb de la obra cl\u00e1sica, a pesar de que se ha realizado alg\u00fan cambio en la producci\u00f3n de la misma.<\/p>\n<p>\u00abEl lago de los cisnes\u00bb se estren\u00f3 en 1877 como encargo del teatro Bolsh\u00f3i de Mosc\u00fa, y, a partir de esa fecha, han sido miles las versiones de este cl\u00e1sico, que encuentra en el espect\u00e1culo kazajo una nueva expresi\u00f3n art\u00edstica sobre el escenario. \u00abEsta obra es un s\u00edmbolo, cuando alguien piensa en un ballet siempre piensa en ella\u00bb, ha a\u00f1adido Altynay, quien, formada en San Petersburgo, asegura que \u00aball\u00ed est\u00e1n orgullosos de mantener la herencia de esta obra, y con esta actuaci\u00f3n es lo que hemos intentado aportar en Espa\u00f1a\u00bb. \u00bb El Ballet de la \u00d3pera de Astan\u00e1 ha vendido todas las entradas en Valencia para las representaciones de la compa\u00f1\u00eda kazaja, que tendr\u00e1n lugar los pr\u00f3ximos d\u00edas 30 de diciembre, 2, 3 y 4 de enero y bajar\u00e1 el tel\u00f3n definitivamente el d\u00eda 5 enero.<\/p>\n<p>EFE<\/p>\n","protected":false},"excerpt":{"rendered":"<p>El Ballet de la \u00d3pera de Astan\u00e1, Kazajist\u00e1n, ha actuado <a href=\"https:\/\/sertv.gob.pa\/crisolfm\/el-ballet-de-la-opera-de-astana-se-presento-en-espana\/\"> [&#8230;]<\/a><\/p>\n","protected":false},"author":64,"featured_media":15467,"comment_status":"closed","ping_status":"closed","sticky":false,"template":"","format":"standard","meta":{"footnotes":""},"categories":[6],"tags":[],"class_list":["post-15465","post","type-post","status-publish","format-standard","has-post-thumbnail","hentry","category-culturales"],"_links":{"self":[{"href":"https:\/\/sertv.gob.pa\/crisolfm\/wp-json\/wp\/v2\/posts\/15465","targetHints":{"allow":["GET"]}}],"collection":[{"href":"https:\/\/sertv.gob.pa\/crisolfm\/wp-json\/wp\/v2\/posts"}],"about":[{"href":"https:\/\/sertv.gob.pa\/crisolfm\/wp-json\/wp\/v2\/types\/post"}],"author":[{"embeddable":true,"href":"https:\/\/sertv.gob.pa\/crisolfm\/wp-json\/wp\/v2\/users\/64"}],"replies":[{"embeddable":true,"href":"https:\/\/sertv.gob.pa\/crisolfm\/wp-json\/wp\/v2\/comments?post=15465"}],"version-history":[{"count":1,"href":"https:\/\/sertv.gob.pa\/crisolfm\/wp-json\/wp\/v2\/posts\/15465\/revisions"}],"predecessor-version":[{"id":15468,"href":"https:\/\/sertv.gob.pa\/crisolfm\/wp-json\/wp\/v2\/posts\/15465\/revisions\/15468"}],"wp:featuredmedia":[{"embeddable":true,"href":"https:\/\/sertv.gob.pa\/crisolfm\/wp-json\/wp\/v2\/media\/15467"}],"wp:attachment":[{"href":"https:\/\/sertv.gob.pa\/crisolfm\/wp-json\/wp\/v2\/media?parent=15465"}],"wp:term":[{"taxonomy":"category","embeddable":true,"href":"https:\/\/sertv.gob.pa\/crisolfm\/wp-json\/wp\/v2\/categories?post=15465"},{"taxonomy":"post_tag","embeddable":true,"href":"https:\/\/sertv.gob.pa\/crisolfm\/wp-json\/wp\/v2\/tags?post=15465"}],"curies":[{"name":"wp","href":"https:\/\/api.w.org\/{rel}","templated":true}]}}