{"id":15513,"date":"2019-01-02T12:37:01","date_gmt":"2019-01-02T12:37:01","guid":{"rendered":"https:\/\/sertv.gob.pa\/crisolfm\/?p=15513"},"modified":"2019-01-02T12:37:01","modified_gmt":"2019-01-02T12:37:01","slug":"galeria-uffizi-solicita-la-devolucion-de-un-cuadro-robado-por-soldados-nazis","status":"publish","type":"post","link":"https:\/\/sertv.gob.pa\/crisolfm\/galeria-uffizi-solicita-la-devolucion-de-un-cuadro-robado-por-soldados-nazis\/","title":{"rendered":"Galer\u00eda Uffizi solicita la devoluci\u00f3n de un cuadro robado por soldados nazis"},"content":{"rendered":"<p>El director de la Galer\u00eda Uffizi, el gran museo de arte de Florencia, pidi\u00f3 este martes a Alemania la devoluci\u00f3n de un cuadro del siglo XVIII del pintor holand\u00e9s Jan van Huysum robado por los nazis durante la Segunda Guerra Mundial. \u00abUna petici\u00f3n a Alemania para 2019: deseamos que este a\u00f1o finalmente sea devuelto a la Galer\u00eda Uffizi el famoso &#8216;Vaso de flores&#8217; del pintor holand\u00e9s Jan van Huysum robado por los soldados nazis\u00bb, afirm\u00f3 en un comunicado el director del museo, Eike Schmidt, de nacionalidad alemana. Schmidt precis\u00f3 que actualmente el cuadro se encuentra en manos de \u00abuna familia alemana que despu\u00e9s de todo este tiempo no lo ha devuelto al museo, a pesar de todas las peticiones del Estado italiano\u00bb.<\/p>\n<p>Este lienzo es una pintura al \u00f3leo, de 47 x 35 cent\u00edmetros, obra de Jan van Huysum (1682-1749), un reputado artista especializado en las naturalezas muertas, la mayor\u00eda de las cuales pertenecen desde 1824 a las colecciones del Palacio Pitti, otro prestigioso museo florentino. Robada por soldados alemanes, se perdi\u00f3 la pista de la obra y esta no volvi\u00f3 a ser localizada hasta 1991 tras la reunificaci\u00f3n alemana, explic\u00f3 Eike Schmidt.<\/p>\n<p>AFP<\/p>\n","protected":false},"excerpt":{"rendered":"<p>El director de la Galer\u00eda Uffizi, el gran museo de <a href=\"https:\/\/sertv.gob.pa\/crisolfm\/galeria-uffizi-solicita-la-devolucion-de-un-cuadro-robado-por-soldados-nazis\/\"> [&#8230;]<\/a><\/p>\n","protected":false},"author":64,"featured_media":15515,"comment_status":"closed","ping_status":"closed","sticky":false,"template":"","format":"standard","meta":{"footnotes":""},"categories":[6],"tags":[],"class_list":["post-15513","post","type-post","status-publish","format-standard","has-post-thumbnail","hentry","category-culturales"],"_links":{"self":[{"href":"https:\/\/sertv.gob.pa\/crisolfm\/wp-json\/wp\/v2\/posts\/15513","targetHints":{"allow":["GET"]}}],"collection":[{"href":"https:\/\/sertv.gob.pa\/crisolfm\/wp-json\/wp\/v2\/posts"}],"about":[{"href":"https:\/\/sertv.gob.pa\/crisolfm\/wp-json\/wp\/v2\/types\/post"}],"author":[{"embeddable":true,"href":"https:\/\/sertv.gob.pa\/crisolfm\/wp-json\/wp\/v2\/users\/64"}],"replies":[{"embeddable":true,"href":"https:\/\/sertv.gob.pa\/crisolfm\/wp-json\/wp\/v2\/comments?post=15513"}],"version-history":[{"count":1,"href":"https:\/\/sertv.gob.pa\/crisolfm\/wp-json\/wp\/v2\/posts\/15513\/revisions"}],"predecessor-version":[{"id":15516,"href":"https:\/\/sertv.gob.pa\/crisolfm\/wp-json\/wp\/v2\/posts\/15513\/revisions\/15516"}],"wp:featuredmedia":[{"embeddable":true,"href":"https:\/\/sertv.gob.pa\/crisolfm\/wp-json\/wp\/v2\/media\/15515"}],"wp:attachment":[{"href":"https:\/\/sertv.gob.pa\/crisolfm\/wp-json\/wp\/v2\/media?parent=15513"}],"wp:term":[{"taxonomy":"category","embeddable":true,"href":"https:\/\/sertv.gob.pa\/crisolfm\/wp-json\/wp\/v2\/categories?post=15513"},{"taxonomy":"post_tag","embeddable":true,"href":"https:\/\/sertv.gob.pa\/crisolfm\/wp-json\/wp\/v2\/tags?post=15513"}],"curies":[{"name":"wp","href":"https:\/\/api.w.org\/{rel}","templated":true}]}}