{"id":15573,"date":"2019-01-03T13:35:05","date_gmt":"2019-01-03T13:35:05","guid":{"rendered":"https:\/\/sertv.gob.pa\/crisolfm\/?p=15573"},"modified":"2019-01-03T13:35:05","modified_gmt":"2019-01-03T13:35:05","slug":"en-espana-inicia-el-festival-actual-2019","status":"publish","type":"post","link":"https:\/\/sertv.gob.pa\/crisolfm\/en-espana-inicia-el-festival-actual-2019\/","title":{"rendered":"En Espa\u00f1a inicia el festival Actual 2019"},"content":{"rendered":"<p>Dos espect\u00e1culos destinados al p\u00fablico familiar abrieron la programaci\u00f3n del festival Actual 2019, que condensar\u00e1 en Logro\u00f1o (norte), m\u00e1s de 140 actos culturales y art\u00edsticos durante los pr\u00f3ximos cinco d\u00edas.\u00a0 La compa\u00f1\u00eda Asaco Producciones represent\u00f3 el montaje c\u00f3mico \u00abTanque Gurug\u00fa\u00bb en los exteriores de Riojaforum, donde el grupo Tdiferencia subi\u00f3 al escenario la comedia musical \u00abNiko, peque\u00f1o vampiro\u00bb, como arranque de la vig\u00e9simo novena edici\u00f3n de este festival, el primero del a\u00f1o en Espa\u00f1a.<\/p>\n<p>Hasta el pr\u00f3ximo domingo, el p\u00fablico podr\u00e1 disfrutar de conciertos nocturno en el Palacio de los Deportes, recitales m\u00e1s \u00edntimos en formato caf\u00e9 cantante o a la hora del verm\u00fa en Bodegas Franco Espa\u00f1olas, representaciones de teatro en escenarios ins\u00f3litos, proyecciones de v\u00eddeodanza,\u00a0cine\u00a0en versi\u00f3n original, actividades para el p\u00fablico familiar y exposiciones de arte.<\/p>\n<p>EFE<\/p>\n","protected":false},"excerpt":{"rendered":"<p>Dos espect\u00e1culos destinados al p\u00fablico familiar abrieron la programaci\u00f3n del <a href=\"https:\/\/sertv.gob.pa\/crisolfm\/en-espana-inicia-el-festival-actual-2019\/\"> [&#8230;]<\/a><\/p>\n","protected":false},"author":64,"featured_media":15575,"comment_status":"closed","ping_status":"closed","sticky":false,"template":"","format":"standard","meta":{"footnotes":""},"categories":[6],"tags":[],"class_list":["post-15573","post","type-post","status-publish","format-standard","has-post-thumbnail","hentry","category-culturales"],"_links":{"self":[{"href":"https:\/\/sertv.gob.pa\/crisolfm\/wp-json\/wp\/v2\/posts\/15573","targetHints":{"allow":["GET"]}}],"collection":[{"href":"https:\/\/sertv.gob.pa\/crisolfm\/wp-json\/wp\/v2\/posts"}],"about":[{"href":"https:\/\/sertv.gob.pa\/crisolfm\/wp-json\/wp\/v2\/types\/post"}],"author":[{"embeddable":true,"href":"https:\/\/sertv.gob.pa\/crisolfm\/wp-json\/wp\/v2\/users\/64"}],"replies":[{"embeddable":true,"href":"https:\/\/sertv.gob.pa\/crisolfm\/wp-json\/wp\/v2\/comments?post=15573"}],"version-history":[{"count":1,"href":"https:\/\/sertv.gob.pa\/crisolfm\/wp-json\/wp\/v2\/posts\/15573\/revisions"}],"predecessor-version":[{"id":15576,"href":"https:\/\/sertv.gob.pa\/crisolfm\/wp-json\/wp\/v2\/posts\/15573\/revisions\/15576"}],"wp:featuredmedia":[{"embeddable":true,"href":"https:\/\/sertv.gob.pa\/crisolfm\/wp-json\/wp\/v2\/media\/15575"}],"wp:attachment":[{"href":"https:\/\/sertv.gob.pa\/crisolfm\/wp-json\/wp\/v2\/media?parent=15573"}],"wp:term":[{"taxonomy":"category","embeddable":true,"href":"https:\/\/sertv.gob.pa\/crisolfm\/wp-json\/wp\/v2\/categories?post=15573"},{"taxonomy":"post_tag","embeddable":true,"href":"https:\/\/sertv.gob.pa\/crisolfm\/wp-json\/wp\/v2\/tags?post=15573"}],"curies":[{"name":"wp","href":"https:\/\/api.w.org\/{rel}","templated":true}]}}