{"id":15585,"date":"2019-01-03T13:54:00","date_gmt":"2019-01-03T13:54:00","guid":{"rendered":"https:\/\/sertv.gob.pa\/crisolfm\/?p=15585"},"modified":"2019-01-03T13:54:00","modified_gmt":"2019-01-03T13:54:00","slug":"corazon-contento-serie-mexicana-que-aborda-la-obesidad-desde-la-comedia","status":"publish","type":"post","link":"https:\/\/sertv.gob.pa\/crisolfm\/corazon-contento-serie-mexicana-que-aborda-la-obesidad-desde-la-comedia\/","title":{"rendered":"\u201cCoraz\u00f3n contento\u201d, serie mexicana que aborda la obesidad desde la comedia"},"content":{"rendered":"<p>La serie \u201cCoraz\u00f3n contento\u201d, que pr\u00f3ximamente se estrenar\u00e1 en Espa\u00f1a, abraza la comedia para abordar uno de los problemas graves que azota M\u00e9xico, la obesidad derivada de los malos h\u00e1bitos alimenticios. \u2018Somos tres familias de M\u00e9rida, Monterrey y Ciudad de M\u00e9xico que por medio de aventuras, viajes, experiencias y chistes vamos asimilando todo lo que comemos&#8217;, revel\u00f3 a Efe la actriz y productora del Teatro Regional del suroriental estado de Yucat\u00e1n Lil\u00ed Herrera, quien en la serie da vida a Rosita Mu\u00f1oz, una madre y esposa. La hija de H\u00e9ctor Herrera \u2018Cholo&#8217; dijo que es un orgullo para el elenco yucateco trabajar en una serie de car\u00e1cter mundial \u2018porque \u2018Coraz\u00f3n contento&#8217; se estren\u00f3 el 21 de diciembre pasado en M\u00e9xico, el 28 en Estados Unidos y en los pr\u00f3ximos d\u00edas en Espa\u00f1a, a trav\u00e9s de la plataforma Amazon Prime Video&#8217;.<\/p>\n<p>El p\u00fablico se divertir\u00e1 a ver c\u00f3mo las familias yucatecas, regia (de Monterrey) y chilanga (de Ciudad de M\u00e9xico) tienen en com\u00fan los malos h\u00e1bitos y c\u00f3mo una boda, un despido laboral y un concurso de belleza impacta en su alimentaci\u00f3n. Lo mejor de todo es que el mundo conocer\u00e1 algunos sitios emblem\u00e1ticos de M\u00e9rida, Monterrey y Ciudad de M\u00e9xico. \u2018Y eso nos llena de orgullo, porque la productora de Antonio Galicia, director de Cines Tres, grab\u00f3 la serie hace dos a\u00f1os en esos lugares tan bonitos y llenos de cultura&#8217;, puntualiz\u00f3. Lil\u00ed Herrera inform\u00f3 que la familia Mu\u00f1oz tambi\u00e9n la conforman Mario III, Gerardo Navarro, Sara Ancona, Ana D&#8217;Argence y Mosk Marrero, quienes fueron anfitriones de las familias Lara de Ciudad de M\u00e9xico y los Ramos de Monterrey.<\/p>\n<p>EFE<\/p>\n","protected":false},"excerpt":{"rendered":"<p>La serie \u201cCoraz\u00f3n contento\u201d, que pr\u00f3ximamente se estrenar\u00e1 en Espa\u00f1a, <a href=\"https:\/\/sertv.gob.pa\/crisolfm\/corazon-contento-serie-mexicana-que-aborda-la-obesidad-desde-la-comedia\/\"> [&#8230;]<\/a><\/p>\n","protected":false},"author":64,"featured_media":15587,"comment_status":"closed","ping_status":"closed","sticky":false,"template":"","format":"standard","meta":{"footnotes":""},"categories":[6],"tags":[],"class_list":["post-15585","post","type-post","status-publish","format-standard","has-post-thumbnail","hentry","category-culturales"],"_links":{"self":[{"href":"https:\/\/sertv.gob.pa\/crisolfm\/wp-json\/wp\/v2\/posts\/15585","targetHints":{"allow":["GET"]}}],"collection":[{"href":"https:\/\/sertv.gob.pa\/crisolfm\/wp-json\/wp\/v2\/posts"}],"about":[{"href":"https:\/\/sertv.gob.pa\/crisolfm\/wp-json\/wp\/v2\/types\/post"}],"author":[{"embeddable":true,"href":"https:\/\/sertv.gob.pa\/crisolfm\/wp-json\/wp\/v2\/users\/64"}],"replies":[{"embeddable":true,"href":"https:\/\/sertv.gob.pa\/crisolfm\/wp-json\/wp\/v2\/comments?post=15585"}],"version-history":[{"count":1,"href":"https:\/\/sertv.gob.pa\/crisolfm\/wp-json\/wp\/v2\/posts\/15585\/revisions"}],"predecessor-version":[{"id":15588,"href":"https:\/\/sertv.gob.pa\/crisolfm\/wp-json\/wp\/v2\/posts\/15585\/revisions\/15588"}],"wp:featuredmedia":[{"embeddable":true,"href":"https:\/\/sertv.gob.pa\/crisolfm\/wp-json\/wp\/v2\/media\/15587"}],"wp:attachment":[{"href":"https:\/\/sertv.gob.pa\/crisolfm\/wp-json\/wp\/v2\/media?parent=15585"}],"wp:term":[{"taxonomy":"category","embeddable":true,"href":"https:\/\/sertv.gob.pa\/crisolfm\/wp-json\/wp\/v2\/categories?post=15585"},{"taxonomy":"post_tag","embeddable":true,"href":"https:\/\/sertv.gob.pa\/crisolfm\/wp-json\/wp\/v2\/tags?post=15585"}],"curies":[{"name":"wp","href":"https:\/\/api.w.org\/{rel}","templated":true}]}}