{"id":15605,"date":"2019-01-03T17:54:38","date_gmt":"2019-01-03T17:54:38","guid":{"rendered":"https:\/\/sertv.gob.pa\/crisolfm\/?p=15605"},"modified":"2019-01-03T17:54:38","modified_gmt":"2019-01-03T17:54:38","slug":"encuentro-folclorico-del-canajagua-en-macaracas","status":"publish","type":"post","link":"https:\/\/sertv.gob.pa\/crisolfm\/encuentro-folclorico-del-canajagua-en-macaracas\/","title":{"rendered":"Encuentro folcl\u00f3rico del Canajagua en Macaracas"},"content":{"rendered":"<p>Desde hoy el folclor paname\u00f1o se destacar\u00e1 en la XLVIII versi\u00f3n del Encuentro Folcl\u00f3rico del Canajagua, en Macaracas de Los Santos, empezando a las 6:30p.m. con el paseo de la reina 2018, Kyrian P\u00e9rez. A las 8:00 p.m. ser\u00e1 la inauguraci\u00f3n y luego dar\u00e1n paso al encuentro de reinas de barriadas, mientras, a las 8:45 p.m. coronar\u00e1n a la soberana del 2019 Mari Cris Gonz\u00e1lez y finalizan con el \u201cConcurso de Grito y Saloma\u201d. Ma\u00f1ana, desde las 7:00 p.m., tendr\u00e1n presentaciones folcl\u00f3ricas de conjuntos infantiles, luego realizar\u00e1n el \u201cConcurso de Confecci\u00f3n de Cutarra\u201d y el \u201cConcurso de Piladera\u201d.<\/p>\n<p>El s\u00e1bado, a la 1:00 p.m., se har\u00e1 el primer \u201cConcurso Nacional de Acordeones Daniel Dorindo C\u00e1rdenas\u201d. A las 3:00 p.m., celebrar\u00e1n el desfile t\u00edpico de carretas y a las 6:00 p.m., se presentar\u00e1n las delegaciones con sus tunas y soberanas. La velada finalizar\u00e1 a las 9:00 p.m., con el \u201cConcurso de Toque de Tambor\u201d y presentaciones folcl\u00f3ricas. El domingo comenzar\u00e1n a las 6:00 a.m. con la junta de embarra del rancho del centenario, \u00e1rea protegida, El Colm\u00f3n.\u00a0 Habr\u00e1 misa de la Epifan\u00eda del Se\u00f1or a las 10:00 a.m. Adem\u00e1s, de 5:00 p.m., a 8:00 p.m., celebrar\u00e1n la Noche de Violines de Azuero. El lunes, desde las 7:00 p.m., ser\u00e1 la salida de su majestad, habr\u00e1 shows art\u00edsticos y concursos.<\/p>\n<p>&nbsp;<\/p>\n","protected":false},"excerpt":{"rendered":"<p>Desde hoy el folclor paname\u00f1o se destacar\u00e1 en la XLVIII <a href=\"https:\/\/sertv.gob.pa\/crisolfm\/encuentro-folclorico-del-canajagua-en-macaracas\/\"> [&#8230;]<\/a><\/p>\n","protected":false},"author":64,"featured_media":15607,"comment_status":"closed","ping_status":"closed","sticky":false,"template":"","format":"standard","meta":{"footnotes":""},"categories":[6],"tags":[],"class_list":["post-15605","post","type-post","status-publish","format-standard","has-post-thumbnail","hentry","category-culturales"],"_links":{"self":[{"href":"https:\/\/sertv.gob.pa\/crisolfm\/wp-json\/wp\/v2\/posts\/15605","targetHints":{"allow":["GET"]}}],"collection":[{"href":"https:\/\/sertv.gob.pa\/crisolfm\/wp-json\/wp\/v2\/posts"}],"about":[{"href":"https:\/\/sertv.gob.pa\/crisolfm\/wp-json\/wp\/v2\/types\/post"}],"author":[{"embeddable":true,"href":"https:\/\/sertv.gob.pa\/crisolfm\/wp-json\/wp\/v2\/users\/64"}],"replies":[{"embeddable":true,"href":"https:\/\/sertv.gob.pa\/crisolfm\/wp-json\/wp\/v2\/comments?post=15605"}],"version-history":[{"count":1,"href":"https:\/\/sertv.gob.pa\/crisolfm\/wp-json\/wp\/v2\/posts\/15605\/revisions"}],"predecessor-version":[{"id":15608,"href":"https:\/\/sertv.gob.pa\/crisolfm\/wp-json\/wp\/v2\/posts\/15605\/revisions\/15608"}],"wp:featuredmedia":[{"embeddable":true,"href":"https:\/\/sertv.gob.pa\/crisolfm\/wp-json\/wp\/v2\/media\/15607"}],"wp:attachment":[{"href":"https:\/\/sertv.gob.pa\/crisolfm\/wp-json\/wp\/v2\/media?parent=15605"}],"wp:term":[{"taxonomy":"category","embeddable":true,"href":"https:\/\/sertv.gob.pa\/crisolfm\/wp-json\/wp\/v2\/categories?post=15605"},{"taxonomy":"post_tag","embeddable":true,"href":"https:\/\/sertv.gob.pa\/crisolfm\/wp-json\/wp\/v2\/tags?post=15605"}],"curies":[{"name":"wp","href":"https:\/\/api.w.org\/{rel}","templated":true}]}}