{"id":15609,"date":"2019-01-04T12:06:25","date_gmt":"2019-01-04T12:06:25","guid":{"rendered":"https:\/\/sertv.gob.pa\/crisolfm\/?p=15609"},"modified":"2019-01-04T12:06:25","modified_gmt":"2019-01-04T12:06:25","slug":"estrellas-internacionales-del-panama-jazz-festival-2019","status":"publish","type":"post","link":"https:\/\/sertv.gob.pa\/crisolfm\/estrellas-internacionales-del-panama-jazz-festival-2019\/","title":{"rendered":"Estrellas internacionales del Panam\u00e1 Jazz Festival 2019"},"content":{"rendered":"<p>La XVI versi\u00f3n de esta iniciativa cultural ser\u00e1 del 14 al 19 de enero de 2019 en el Teatro Ateneo, en el Auditorio del Centro de Convenciones de Ciudad del Saber y en su Mercado Urbano, as\u00ed como en el Danilo\u2019s Jazz Club.<\/p>\n<p>Su oferta incluye 43 conciertos a cargo, entre otros, de Alex Jr. y Russel Blake y su grupo Sons of Panam\u00e1, la saxofonista canadiense Jane Bunnett, el trombonista estadounidense Andrew Hayward, la trombonista sueca Gunhild Carlin, el guitarrista israel\u00ed Rotem Shivan, la cantante colombiana Luc\u00eda Pulido y su grupo Corazonantes y el debut del Danilo P\u00e9rez\u2019s Global Messengers.<\/p>\n<p>&nbsp;<\/p>\n","protected":false},"excerpt":{"rendered":"<p>La XVI versi\u00f3n de esta iniciativa cultural ser\u00e1 del 14 <a href=\"https:\/\/sertv.gob.pa\/crisolfm\/estrellas-internacionales-del-panama-jazz-festival-2019\/\"> [&#8230;]<\/a><\/p>\n","protected":false},"author":64,"featured_media":15611,"comment_status":"closed","ping_status":"closed","sticky":false,"template":"","format":"standard","meta":{"footnotes":""},"categories":[6],"tags":[],"class_list":["post-15609","post","type-post","status-publish","format-standard","has-post-thumbnail","hentry","category-culturales"],"_links":{"self":[{"href":"https:\/\/sertv.gob.pa\/crisolfm\/wp-json\/wp\/v2\/posts\/15609","targetHints":{"allow":["GET"]}}],"collection":[{"href":"https:\/\/sertv.gob.pa\/crisolfm\/wp-json\/wp\/v2\/posts"}],"about":[{"href":"https:\/\/sertv.gob.pa\/crisolfm\/wp-json\/wp\/v2\/types\/post"}],"author":[{"embeddable":true,"href":"https:\/\/sertv.gob.pa\/crisolfm\/wp-json\/wp\/v2\/users\/64"}],"replies":[{"embeddable":true,"href":"https:\/\/sertv.gob.pa\/crisolfm\/wp-json\/wp\/v2\/comments?post=15609"}],"version-history":[{"count":1,"href":"https:\/\/sertv.gob.pa\/crisolfm\/wp-json\/wp\/v2\/posts\/15609\/revisions"}],"predecessor-version":[{"id":15612,"href":"https:\/\/sertv.gob.pa\/crisolfm\/wp-json\/wp\/v2\/posts\/15609\/revisions\/15612"}],"wp:featuredmedia":[{"embeddable":true,"href":"https:\/\/sertv.gob.pa\/crisolfm\/wp-json\/wp\/v2\/media\/15611"}],"wp:attachment":[{"href":"https:\/\/sertv.gob.pa\/crisolfm\/wp-json\/wp\/v2\/media?parent=15609"}],"wp:term":[{"taxonomy":"category","embeddable":true,"href":"https:\/\/sertv.gob.pa\/crisolfm\/wp-json\/wp\/v2\/categories?post=15609"},{"taxonomy":"post_tag","embeddable":true,"href":"https:\/\/sertv.gob.pa\/crisolfm\/wp-json\/wp\/v2\/tags?post=15609"}],"curies":[{"name":"wp","href":"https:\/\/api.w.org\/{rel}","templated":true}]}}