{"id":15613,"date":"2019-01-04T12:35:18","date_gmt":"2019-01-04T12:35:18","guid":{"rendered":"https:\/\/sertv.gob.pa\/crisolfm\/?p=15613"},"modified":"2019-01-04T12:35:18","modified_gmt":"2019-01-04T12:35:18","slug":"exhibicion-trae-a-panama-el-arte-de-la-capilla-sixtina","status":"publish","type":"post","link":"https:\/\/sertv.gob.pa\/crisolfm\/exhibicion-trae-a-panama-el-arte-de-la-capilla-sixtina\/","title":{"rendered":"Exhibici\u00f3n trae a Panam\u00e1 el arte de la Capilla Sixtina"},"content":{"rendered":"<p>Una visita casi obligatoria para cualquier turista en el Vaticano es ir a ver la <strong>Capilla Sixtina<\/strong>. Localizada dentro del Palacio Apost\u00f3lico, uno de los grandes atractivos de esta edificaci\u00f3n es su decoraci\u00f3n de frescos alusivos a pasajes b\u00edblicos realizados por el artista<strong> Miguel \u00c1ngel<\/strong>, en el siglo XVI. Este a\u00f1o, el p\u00fablico paname\u00f1o tendr\u00e1 un acercamiento a dichas obras, gracias a la exhibici\u00f3n \u201cLa Capilla Sixtina de Miguel \u00c1ngel\u201d, en la cual se expondr\u00e1n 34 r\u00e9plicas fotogr\u00e1ficas de los frescos originales. Con un tama\u00f1o aproximado de 3&#215;4 metros, las obras cubrir\u00e1n los pasillos de la Casa P\u00e9rez Alem\u00e1n, ubicado en Casco Antiguo, desde el s\u00e1bado 5 de enero hasta el jueves 28 de febrero, en un horario de 9:00 a.m. a 9:00 p.m.<\/p>\n<p>\u201cLas im\u00e1genes fueron tomadas durante los trabajos de restauraci\u00f3n de las piezas a una distancia aproximada de cuatro metros\u201d, explica Miguel Morgan, gerente general de Coloniale Enterprises, compa\u00f1\u00eda organizadora de este evento. Comenta que cuando se visita la capilla, los frescos est\u00e1n a una distancia aproximada de 20 metros del espectador, mientras que en esta exposici\u00f3n los tendr\u00e1n mucho m\u00e1s cerca. Morgan igualmente agrega la ventaja del tiempo que tendr\u00e1 el p\u00fablico para poder apreciar las obras, ya que en el caso del recinto original, por ser un sitio tan concurrido, los visitantes tienen aproximadamente unos 15 minutos para poder mirar las pinturas, antes de darle paso al siguiente grupo de visitantes.<\/p>\n<p>&nbsp;<\/p>\n","protected":false},"excerpt":{"rendered":"<p>Una visita casi obligatoria para cualquier turista en el Vaticano <a href=\"https:\/\/sertv.gob.pa\/crisolfm\/exhibicion-trae-a-panama-el-arte-de-la-capilla-sixtina\/\"> [&#8230;]<\/a><\/p>\n","protected":false},"author":64,"featured_media":15615,"comment_status":"closed","ping_status":"closed","sticky":false,"template":"","format":"standard","meta":{"footnotes":""},"categories":[6],"tags":[],"class_list":["post-15613","post","type-post","status-publish","format-standard","has-post-thumbnail","hentry","category-culturales"],"_links":{"self":[{"href":"https:\/\/sertv.gob.pa\/crisolfm\/wp-json\/wp\/v2\/posts\/15613","targetHints":{"allow":["GET"]}}],"collection":[{"href":"https:\/\/sertv.gob.pa\/crisolfm\/wp-json\/wp\/v2\/posts"}],"about":[{"href":"https:\/\/sertv.gob.pa\/crisolfm\/wp-json\/wp\/v2\/types\/post"}],"author":[{"embeddable":true,"href":"https:\/\/sertv.gob.pa\/crisolfm\/wp-json\/wp\/v2\/users\/64"}],"replies":[{"embeddable":true,"href":"https:\/\/sertv.gob.pa\/crisolfm\/wp-json\/wp\/v2\/comments?post=15613"}],"version-history":[{"count":1,"href":"https:\/\/sertv.gob.pa\/crisolfm\/wp-json\/wp\/v2\/posts\/15613\/revisions"}],"predecessor-version":[{"id":15616,"href":"https:\/\/sertv.gob.pa\/crisolfm\/wp-json\/wp\/v2\/posts\/15613\/revisions\/15616"}],"wp:featuredmedia":[{"embeddable":true,"href":"https:\/\/sertv.gob.pa\/crisolfm\/wp-json\/wp\/v2\/media\/15615"}],"wp:attachment":[{"href":"https:\/\/sertv.gob.pa\/crisolfm\/wp-json\/wp\/v2\/media?parent=15613"}],"wp:term":[{"taxonomy":"category","embeddable":true,"href":"https:\/\/sertv.gob.pa\/crisolfm\/wp-json\/wp\/v2\/categories?post=15613"},{"taxonomy":"post_tag","embeddable":true,"href":"https:\/\/sertv.gob.pa\/crisolfm\/wp-json\/wp\/v2\/tags?post=15613"}],"curies":[{"name":"wp","href":"https:\/\/api.w.org\/{rel}","templated":true}]}}