{"id":15625,"date":"2019-01-04T13:15:50","date_gmt":"2019-01-04T13:15:50","guid":{"rendered":"https:\/\/sertv.gob.pa\/crisolfm\/?p=15625"},"modified":"2019-01-04T13:15:50","modified_gmt":"2019-01-04T13:15:50","slug":"incremento-en-confeccion-de-polleras-es-reportado-por-artesanas","status":"publish","type":"post","link":"https:\/\/sertv.gob.pa\/crisolfm\/incremento-en-confeccion-de-polleras-es-reportado-por-artesanas\/","title":{"rendered":"Incremento en confecci\u00f3n de polleras es reportado por artesanas"},"content":{"rendered":"<p>Artesanas de polleras del poblado de Santo Domingo, uno de los pocos lugares del pa\u00eds donde se confecciona este traje nacional, confirmaron este jueves 3 de enero un incremento de la demanda de este vestido a una semana del Desfile de las Mil Polleras.<\/p>\n<p>Jacinta V\u00e1squez de Ja\u00e9n, artesana de pollera del corregimiento de Santo Domingo de Las Tablas, manifest\u00f3 que est\u00e1n \u00abdemasiado ocupadas\u00bb, porque tienen \u00abcantidades de encargos de polleras\u00bb sobre todo la montuna. Y se lament\u00f3 que hay escasez de mano de obra joven. V\u00e1squez de Ja\u00e9n manifest\u00f3 que por lo general la demanda aumentaba para tiempo de carnavales, pero ahora los pedidos se est\u00e1n haciendo en cualquier \u00e9poca del a\u00f1o. Se est\u00e1n usando en las festividades patrias de noviembre, Santa Librada en Las Tablas, Festival Nacional de la Mejorana, Encuentro Folcl\u00f3rico del Canajagua en Macaracas, el Desfile de las Mil Polleras, los colegios, y en las fundaciones de los distritos.<\/p>\n<p>&nbsp;<\/p>\n<p>&nbsp;<\/p>\n<p>&nbsp;<\/p>\n","protected":false},"excerpt":{"rendered":"<p>Artesanas de polleras del poblado de Santo Domingo, uno de <a href=\"https:\/\/sertv.gob.pa\/crisolfm\/incremento-en-confeccion-de-polleras-es-reportado-por-artesanas\/\"> [&#8230;]<\/a><\/p>\n","protected":false},"author":64,"featured_media":15627,"comment_status":"closed","ping_status":"closed","sticky":false,"template":"","format":"standard","meta":{"footnotes":""},"categories":[6],"tags":[],"class_list":["post-15625","post","type-post","status-publish","format-standard","has-post-thumbnail","hentry","category-culturales"],"_links":{"self":[{"href":"https:\/\/sertv.gob.pa\/crisolfm\/wp-json\/wp\/v2\/posts\/15625","targetHints":{"allow":["GET"]}}],"collection":[{"href":"https:\/\/sertv.gob.pa\/crisolfm\/wp-json\/wp\/v2\/posts"}],"about":[{"href":"https:\/\/sertv.gob.pa\/crisolfm\/wp-json\/wp\/v2\/types\/post"}],"author":[{"embeddable":true,"href":"https:\/\/sertv.gob.pa\/crisolfm\/wp-json\/wp\/v2\/users\/64"}],"replies":[{"embeddable":true,"href":"https:\/\/sertv.gob.pa\/crisolfm\/wp-json\/wp\/v2\/comments?post=15625"}],"version-history":[{"count":1,"href":"https:\/\/sertv.gob.pa\/crisolfm\/wp-json\/wp\/v2\/posts\/15625\/revisions"}],"predecessor-version":[{"id":15628,"href":"https:\/\/sertv.gob.pa\/crisolfm\/wp-json\/wp\/v2\/posts\/15625\/revisions\/15628"}],"wp:featuredmedia":[{"embeddable":true,"href":"https:\/\/sertv.gob.pa\/crisolfm\/wp-json\/wp\/v2\/media\/15627"}],"wp:attachment":[{"href":"https:\/\/sertv.gob.pa\/crisolfm\/wp-json\/wp\/v2\/media?parent=15625"}],"wp:term":[{"taxonomy":"category","embeddable":true,"href":"https:\/\/sertv.gob.pa\/crisolfm\/wp-json\/wp\/v2\/categories?post=15625"},{"taxonomy":"post_tag","embeddable":true,"href":"https:\/\/sertv.gob.pa\/crisolfm\/wp-json\/wp\/v2\/tags?post=15625"}],"curies":[{"name":"wp","href":"https:\/\/api.w.org\/{rel}","templated":true}]}}