{"id":15668,"date":"2019-01-06T00:00:04","date_gmt":"2019-01-06T00:00:04","guid":{"rendered":"https:\/\/sertv.gob.pa\/crisolfm\/?p=15668"},"modified":"2019-01-04T17:44:18","modified_gmt":"2019-01-04T17:44:18","slug":"cultura-afro-se-une-a-la-jmj","status":"publish","type":"post","link":"https:\/\/sertv.gob.pa\/crisolfm\/cultura-afro-se-une-a-la-jmj\/","title":{"rendered":"Cultura afro se une a la JMJ"},"content":{"rendered":"<p>La Pastoral Afropaname\u00f1a de la Iglesia Cat\u00f3lica en Panam\u00e1 y la Red de J\u00f3venes Afro Paname\u00f1os llevar\u00e1n a cabo del 11 al 13 de enero de 2019 un foro enfocado en los j\u00f3venes l\u00edderes afrodescendientes, del continente americano, en el marco de la celebraci\u00f3n de la Jornada Mundial de la Juventud en nuestro pa\u00eds. Stephanie Murillo, coordinadora del foro, se\u00f1al\u00f3 que es importante \u201ctener este tipo de espacios para el fortalecimiento de nuestras juventudes en sus distintas realidades, tomando en cuenta tambi\u00e9n el rol de la iglesia en la transformaci\u00f3n y creaci\u00f3n de un cambio social\u201d.<\/p>\n<p>Seg\u00fan Murillo, \u201clos objetivos del foro son reflexionar sobre su rol y participaci\u00f3n de los j\u00f3venes en las transformaciones sociales y de la iglesia, plantearse el desaf\u00edo de un liderazgo, que los posicione como protagonistas de los cambios en el mundo de hoy, de manera organizada y articulada. Adem\u00e1s de fomentar y resaltar la participaci\u00f3n activa de las juventudes en sus diversas realidades\u201d. Los interesados en participar de esta velada se deben registrar en la p\u00e1gina www.pastoralafropanamena.org. Los peregrinos extranjeros y nacionales contar\u00e1n con alojamiento durante el desarrollo del programa.<\/p>\n<p>&nbsp;<\/p>\n","protected":false},"excerpt":{"rendered":"<p>La Pastoral Afropaname\u00f1a de la Iglesia Cat\u00f3lica en Panam\u00e1 y <a href=\"https:\/\/sertv.gob.pa\/crisolfm\/cultura-afro-se-une-a-la-jmj\/\"> [&#8230;]<\/a><\/p>\n","protected":false},"author":64,"featured_media":15670,"comment_status":"closed","ping_status":"closed","sticky":false,"template":"","format":"standard","meta":{"footnotes":""},"categories":[6],"tags":[],"class_list":["post-15668","post","type-post","status-publish","format-standard","has-post-thumbnail","hentry","category-culturales"],"_links":{"self":[{"href":"https:\/\/sertv.gob.pa\/crisolfm\/wp-json\/wp\/v2\/posts\/15668","targetHints":{"allow":["GET"]}}],"collection":[{"href":"https:\/\/sertv.gob.pa\/crisolfm\/wp-json\/wp\/v2\/posts"}],"about":[{"href":"https:\/\/sertv.gob.pa\/crisolfm\/wp-json\/wp\/v2\/types\/post"}],"author":[{"embeddable":true,"href":"https:\/\/sertv.gob.pa\/crisolfm\/wp-json\/wp\/v2\/users\/64"}],"replies":[{"embeddable":true,"href":"https:\/\/sertv.gob.pa\/crisolfm\/wp-json\/wp\/v2\/comments?post=15668"}],"version-history":[{"count":1,"href":"https:\/\/sertv.gob.pa\/crisolfm\/wp-json\/wp\/v2\/posts\/15668\/revisions"}],"predecessor-version":[{"id":15671,"href":"https:\/\/sertv.gob.pa\/crisolfm\/wp-json\/wp\/v2\/posts\/15668\/revisions\/15671"}],"wp:featuredmedia":[{"embeddable":true,"href":"https:\/\/sertv.gob.pa\/crisolfm\/wp-json\/wp\/v2\/media\/15670"}],"wp:attachment":[{"href":"https:\/\/sertv.gob.pa\/crisolfm\/wp-json\/wp\/v2\/media?parent=15668"}],"wp:term":[{"taxonomy":"category","embeddable":true,"href":"https:\/\/sertv.gob.pa\/crisolfm\/wp-json\/wp\/v2\/categories?post=15668"},{"taxonomy":"post_tag","embeddable":true,"href":"https:\/\/sertv.gob.pa\/crisolfm\/wp-json\/wp\/v2\/tags?post=15668"}],"curies":[{"name":"wp","href":"https:\/\/api.w.org\/{rel}","templated":true}]}}