{"id":15672,"date":"2019-01-07T12:16:24","date_gmt":"2019-01-07T12:16:24","guid":{"rendered":"https:\/\/sertv.gob.pa\/crisolfm\/?p=15672"},"modified":"2019-01-07T12:16:24","modified_gmt":"2019-01-07T12:16:24","slug":"sebastian-vargas-ganador-del-primer-concurso-nacional-de-acordeon-dorindo-cardenas","status":"publish","type":"post","link":"https:\/\/sertv.gob.pa\/crisolfm\/sebastian-vargas-ganador-del-primer-concurso-nacional-de-acordeon-dorindo-cardenas\/","title":{"rendered":"Sebasti\u00e1n Vargas, ganador del primer concurso nacional de acorde\u00f3n \u201cDorindo C\u00e1rdenas\u201d"},"content":{"rendered":"<p>Sebasti\u00e1n Vargas, de 13 a\u00f1os de edad y residente en Guarar\u00e9, se coron\u00f3 la noche del s\u00e1bado 5 de enero como el primer ganador del concurso nacional de acorde\u00f3n \u201cDorindo C\u00e1rdenas\u201d, en el Encuentro Folcl\u00f3rico del Canajagua, de Macaracas, provincia de Los Santos.<\/p>\n<p>Vargas recibi\u00f3 como premio un acorde\u00f3n corona III y la medalla Dorindo C\u00e1rdenas, ante la presencia de centenares de personas en la plaza Gelo C\u00f3rdoba de Macaracas. El joven ganador manifest\u00f3 que hered\u00f3 el arte musical de su abuelo Gregorio Vargas, destacado mejoranero del pa\u00eds, mientras agradeci\u00f3 a Dios por haberle dado la oportunidad de resultar ganador.<\/p>\n<p>&nbsp;<\/p>\n<p>&nbsp;<\/p>\n<p>&nbsp;<\/p>\n","protected":false},"excerpt":{"rendered":"<p>Sebasti\u00e1n Vargas, de 13 a\u00f1os de edad y residente en <a href=\"https:\/\/sertv.gob.pa\/crisolfm\/sebastian-vargas-ganador-del-primer-concurso-nacional-de-acordeon-dorindo-cardenas\/\"> [&#8230;]<\/a><\/p>\n","protected":false},"author":64,"featured_media":15674,"comment_status":"closed","ping_status":"closed","sticky":false,"template":"","format":"standard","meta":{"footnotes":""},"categories":[6],"tags":[],"class_list":["post-15672","post","type-post","status-publish","format-standard","has-post-thumbnail","hentry","category-culturales"],"_links":{"self":[{"href":"https:\/\/sertv.gob.pa\/crisolfm\/wp-json\/wp\/v2\/posts\/15672","targetHints":{"allow":["GET"]}}],"collection":[{"href":"https:\/\/sertv.gob.pa\/crisolfm\/wp-json\/wp\/v2\/posts"}],"about":[{"href":"https:\/\/sertv.gob.pa\/crisolfm\/wp-json\/wp\/v2\/types\/post"}],"author":[{"embeddable":true,"href":"https:\/\/sertv.gob.pa\/crisolfm\/wp-json\/wp\/v2\/users\/64"}],"replies":[{"embeddable":true,"href":"https:\/\/sertv.gob.pa\/crisolfm\/wp-json\/wp\/v2\/comments?post=15672"}],"version-history":[{"count":1,"href":"https:\/\/sertv.gob.pa\/crisolfm\/wp-json\/wp\/v2\/posts\/15672\/revisions"}],"predecessor-version":[{"id":15675,"href":"https:\/\/sertv.gob.pa\/crisolfm\/wp-json\/wp\/v2\/posts\/15672\/revisions\/15675"}],"wp:featuredmedia":[{"embeddable":true,"href":"https:\/\/sertv.gob.pa\/crisolfm\/wp-json\/wp\/v2\/media\/15674"}],"wp:attachment":[{"href":"https:\/\/sertv.gob.pa\/crisolfm\/wp-json\/wp\/v2\/media?parent=15672"}],"wp:term":[{"taxonomy":"category","embeddable":true,"href":"https:\/\/sertv.gob.pa\/crisolfm\/wp-json\/wp\/v2\/categories?post=15672"},{"taxonomy":"post_tag","embeddable":true,"href":"https:\/\/sertv.gob.pa\/crisolfm\/wp-json\/wp\/v2\/tags?post=15672"}],"curies":[{"name":"wp","href":"https:\/\/api.w.org\/{rel}","templated":true}]}}