{"id":15680,"date":"2019-01-07T12:29:59","date_gmt":"2019-01-07T12:29:59","guid":{"rendered":"https:\/\/sertv.gob.pa\/crisolfm\/?p=15680"},"modified":"2019-01-07T12:29:59","modified_gmt":"2019-01-07T12:29:59","slug":"el-9-de-enero-de-1964-en-exhibicion-en-el-mes-de-mayo","status":"publish","type":"post","link":"https:\/\/sertv.gob.pa\/crisolfm\/el-9-de-enero-de-1964-en-exhibicion-en-el-mes-de-mayo\/","title":{"rendered":"El 9 de enero de 1964 en exhibici\u00f3n en el mes de mayo"},"content":{"rendered":"<p>Este mi\u00e9rcoles se cumplen 55 a\u00f1os de uno de los eventos hist\u00f3ricos m\u00e1s relevantes que hayan ocurrido en la ciudad de Panam\u00e1: la heroica gesta patri\u00f3tica del 9 de enero de 1964. Y para conmemorar el aniversario de la fecha, el Museo de la Ciudad, significativo proyecto cultural que es parte de la gran celebraci\u00f3n de los 500 a\u00f1os de fundaci\u00f3n de la ciudad de Panam\u00e1, est\u00e1 desarrollando una valiosa exhibici\u00f3n para presentarla este a\u00f1o, con el fin de mantener viva en la conciencia de la poblaci\u00f3n paname\u00f1a la trascendencia de los hechos que acontecieron aquel d\u00eda. Cincuenta y cinco a\u00f1os despu\u00e9s de aquel heroico acto de justicia, la exhibici\u00f3n que est\u00e1 desarrollando el Museo de la Ciudad, llamada \u201cEl 9 de enero de 1964: Camino a la soberan\u00eda\u201d, propone que los paname\u00f1os realicen el mismo recorrido hist\u00f3rico que protagonizaron los estudiantes paname\u00f1os. Para lograrlo, el contenido de la muestra museogr\u00e1fica ser\u00e1 desplegado a lo largo de la ruta original que siguieron los institutores: desde el Instituto Nacional hasta el antiguo Balboa High School, hoy sede del Teatro Ascanio Arosemena, administrado por la Autoridad del Canal de Panam\u00e1.<\/p>\n<p>En los m\u00f3dulos que ser\u00e1n instalados en sitios clave, como la avenida de los M\u00e1rtires y la calle Gorgas, se compartir\u00e1 con el p\u00fablico valiosa informaci\u00f3n gr\u00e1fica y audiovisual que se ha recopilado sobre la fecha. La exhibici\u00f3n contar\u00e1, adem\u00e1s, con 3 \u00a0audiogu\u00edas disponibles en ingl\u00e9s y espa\u00f1ol, que se podr\u00e1n descargar f\u00e1cilmente en los tel\u00e9fonos m\u00f3viles para efectuar el recorrido. Y la historia ser\u00e1 contada desde la \u00f3ptica de los involucrados, para que las nuevas generaciones de paname\u00f1os puedan internalizar la dimensi\u00f3n de los hechos que acontecieron el 9 de enero, conocer la cronolog\u00eda exacta de los sucesos y comprender el contexto hist\u00f3rico en el que se dieron. La inauguraci\u00f3n de la muestra est\u00e1 prevista para el mes de mayo.<\/p>\n<p>&nbsp;<\/p>\n","protected":false},"excerpt":{"rendered":"<p>Este mi\u00e9rcoles se cumplen 55 a\u00f1os de uno de los <a href=\"https:\/\/sertv.gob.pa\/crisolfm\/el-9-de-enero-de-1964-en-exhibicion-en-el-mes-de-mayo\/\"> [&#8230;]<\/a><\/p>\n","protected":false},"author":64,"featured_media":15682,"comment_status":"closed","ping_status":"closed","sticky":false,"template":"","format":"standard","meta":{"footnotes":""},"categories":[6],"tags":[],"class_list":["post-15680","post","type-post","status-publish","format-standard","has-post-thumbnail","hentry","category-culturales"],"_links":{"self":[{"href":"https:\/\/sertv.gob.pa\/crisolfm\/wp-json\/wp\/v2\/posts\/15680","targetHints":{"allow":["GET"]}}],"collection":[{"href":"https:\/\/sertv.gob.pa\/crisolfm\/wp-json\/wp\/v2\/posts"}],"about":[{"href":"https:\/\/sertv.gob.pa\/crisolfm\/wp-json\/wp\/v2\/types\/post"}],"author":[{"embeddable":true,"href":"https:\/\/sertv.gob.pa\/crisolfm\/wp-json\/wp\/v2\/users\/64"}],"replies":[{"embeddable":true,"href":"https:\/\/sertv.gob.pa\/crisolfm\/wp-json\/wp\/v2\/comments?post=15680"}],"version-history":[{"count":1,"href":"https:\/\/sertv.gob.pa\/crisolfm\/wp-json\/wp\/v2\/posts\/15680\/revisions"}],"predecessor-version":[{"id":15683,"href":"https:\/\/sertv.gob.pa\/crisolfm\/wp-json\/wp\/v2\/posts\/15680\/revisions\/15683"}],"wp:featuredmedia":[{"embeddable":true,"href":"https:\/\/sertv.gob.pa\/crisolfm\/wp-json\/wp\/v2\/media\/15682"}],"wp:attachment":[{"href":"https:\/\/sertv.gob.pa\/crisolfm\/wp-json\/wp\/v2\/media?parent=15680"}],"wp:term":[{"taxonomy":"category","embeddable":true,"href":"https:\/\/sertv.gob.pa\/crisolfm\/wp-json\/wp\/v2\/categories?post=15680"},{"taxonomy":"post_tag","embeddable":true,"href":"https:\/\/sertv.gob.pa\/crisolfm\/wp-json\/wp\/v2\/tags?post=15680"}],"curies":[{"name":"wp","href":"https:\/\/api.w.org\/{rel}","templated":true}]}}