{"id":15691,"date":"2019-01-07T13:14:58","date_gmt":"2019-01-07T13:14:58","guid":{"rendered":"https:\/\/sertv.gob.pa\/crisolfm\/?p=15691"},"modified":"2019-01-07T13:14:58","modified_gmt":"2019-01-07T13:14:58","slug":"el-museo-del-louvre-bate-un-record-mundial","status":"publish","type":"post","link":"https:\/\/sertv.gob.pa\/crisolfm\/el-museo-del-louvre-bate-un-record-mundial\/","title":{"rendered":"El Museo del Louvre bate un r\u00e9cord mundial"},"content":{"rendered":"<p>El Museo del Louvre de Par\u00eds tuvo en 2018 un incremento del 25% del n\u00famero de visitantes respecto al a\u00f1o anterior, lo que supone un nuevo r\u00e9cord, con 10.2 millones, una cifra que no ha alcanzado ninguna otra pinacoteca en el mundo.<\/p>\n<p>El tir\u00f3n de los visitantes extranjeros, que representaron tres cuartas partes del total, y en particular los procedentes de Estados Unidos, China y varios pa\u00edses de la Uni\u00f3n Europea (en particular Espa\u00f1a, Alemania, Italia y Reino Unido), as\u00ed como de Brasil, marc\u00f3 el pasado a\u00f1o, destac\u00f3 la instituci\u00f3n en un comunicado. A falta de datos precisos desglosados por nacionalidad, que se conocer\u00e1n en unas semanas, s\u00ed se sabe que pasaron por sus salones m\u00e1s de 2.5 millones de franceses, seguidos por los estadounidenses (casi 1.5 millones) y por los chinos (m\u00e1s de un mill\u00f3n).<\/p>\n<p>EFE<\/p>\n<p>&nbsp;<\/p>\n","protected":false},"excerpt":{"rendered":"<p>El Museo del Louvre de Par\u00eds tuvo en 2018 un <a href=\"https:\/\/sertv.gob.pa\/crisolfm\/el-museo-del-louvre-bate-un-record-mundial\/\"> [&#8230;]<\/a><\/p>\n","protected":false},"author":64,"featured_media":15693,"comment_status":"closed","ping_status":"closed","sticky":false,"template":"","format":"standard","meta":{"footnotes":""},"categories":[6],"tags":[],"class_list":["post-15691","post","type-post","status-publish","format-standard","has-post-thumbnail","hentry","category-culturales"],"_links":{"self":[{"href":"https:\/\/sertv.gob.pa\/crisolfm\/wp-json\/wp\/v2\/posts\/15691","targetHints":{"allow":["GET"]}}],"collection":[{"href":"https:\/\/sertv.gob.pa\/crisolfm\/wp-json\/wp\/v2\/posts"}],"about":[{"href":"https:\/\/sertv.gob.pa\/crisolfm\/wp-json\/wp\/v2\/types\/post"}],"author":[{"embeddable":true,"href":"https:\/\/sertv.gob.pa\/crisolfm\/wp-json\/wp\/v2\/users\/64"}],"replies":[{"embeddable":true,"href":"https:\/\/sertv.gob.pa\/crisolfm\/wp-json\/wp\/v2\/comments?post=15691"}],"version-history":[{"count":1,"href":"https:\/\/sertv.gob.pa\/crisolfm\/wp-json\/wp\/v2\/posts\/15691\/revisions"}],"predecessor-version":[{"id":15694,"href":"https:\/\/sertv.gob.pa\/crisolfm\/wp-json\/wp\/v2\/posts\/15691\/revisions\/15694"}],"wp:featuredmedia":[{"embeddable":true,"href":"https:\/\/sertv.gob.pa\/crisolfm\/wp-json\/wp\/v2\/media\/15693"}],"wp:attachment":[{"href":"https:\/\/sertv.gob.pa\/crisolfm\/wp-json\/wp\/v2\/media?parent=15691"}],"wp:term":[{"taxonomy":"category","embeddable":true,"href":"https:\/\/sertv.gob.pa\/crisolfm\/wp-json\/wp\/v2\/categories?post=15691"},{"taxonomy":"post_tag","embeddable":true,"href":"https:\/\/sertv.gob.pa\/crisolfm\/wp-json\/wp\/v2\/tags?post=15691"}],"curies":[{"name":"wp","href":"https:\/\/api.w.org\/{rel}","templated":true}]}}