{"id":15759,"date":"2019-01-08T13:58:14","date_gmt":"2019-01-08T13:58:14","guid":{"rendered":"https:\/\/sertv.gob.pa\/crisolfm\/?p=15759"},"modified":"2019-01-08T13:58:14","modified_gmt":"2019-01-08T13:58:14","slug":"muere-el-escritor-andres-sorel-a-los-81-anos","status":"publish","type":"post","link":"https:\/\/sertv.gob.pa\/crisolfm\/muere-el-escritor-andres-sorel-a-los-81-anos\/","title":{"rendered":"Muere el escritor Andr\u00e9s Sorel a los 81 a\u00f1os"},"content":{"rendered":"<p>El escritor<strong> Andr\u00e9s Sorel<\/strong>, que fuera fundador, presidente y responsable de Cultura del diario \u00abLiberaci\u00f3n\u00bb, falleci\u00f3 anoche en Madrid a los 81 a\u00f1os, ha informado hoy en una nota Jes\u00fas Espino, subdirector de la editorial Akal y amigo del autor de \u00abLa guerrilla antifranquista\u00bb. Escritor de m\u00e1s de cincuenta obras, entre ellas \u00abETA\u00bb, \u00abLas voces del Estrecho\u00bb o \u00ab&#8230; y todo lo que es misterio\u00bb, Sorel naci\u00f3 en Segovia durante la<strong> Guerra Civil<\/strong>; de padre castellano y madre andaluza, estudi\u00f3 Magisterio y Filosof\u00eda y Letras.<\/p>\n<p>Se exili\u00f3 en Par\u00eds en 1970 donde dirigi\u00f3 el semanario Informaci\u00f3n Espa\u00f1ola, que se realizaba para los emigrantes espa\u00f1oles en Europa, y fund\u00f3 y presidi\u00f3 el diario \u00abLiberaci\u00f3n\u00bb. Durante el franquismo colabor\u00f3 en la prensa clandestina del Partido Comunista y fue corresponsal de Radio Espa\u00f1a Independiente de 1962 a 1973. En 1974 fue excluido del Partido Comunista por diferencias ideol\u00f3gicas y pol\u00edticas. La censura del entonces ministro de Informaci\u00f3n y Turismo, Manuel Fraga Iribarne, prohibi\u00f3 la publicaci\u00f3n de sus novelas en Seix Barral y Ciencia Nueva. Muerto Francisco Franco, colabor\u00f3 en distintos peri\u00f3dicos y publicaciones de Espa\u00f1a y resto de Europa.<\/p>\n<p>ABC Cultura<\/p>\n","protected":false},"excerpt":{"rendered":"<p>El escritor Andr\u00e9s Sorel, que fuera fundador, presidente y responsable <a href=\"https:\/\/sertv.gob.pa\/crisolfm\/muere-el-escritor-andres-sorel-a-los-81-anos\/\"> [&#8230;]<\/a><\/p>\n","protected":false},"author":64,"featured_media":15761,"comment_status":"closed","ping_status":"closed","sticky":false,"template":"","format":"standard","meta":{"footnotes":""},"categories":[6],"tags":[],"class_list":["post-15759","post","type-post","status-publish","format-standard","has-post-thumbnail","hentry","category-culturales"],"_links":{"self":[{"href":"https:\/\/sertv.gob.pa\/crisolfm\/wp-json\/wp\/v2\/posts\/15759","targetHints":{"allow":["GET"]}}],"collection":[{"href":"https:\/\/sertv.gob.pa\/crisolfm\/wp-json\/wp\/v2\/posts"}],"about":[{"href":"https:\/\/sertv.gob.pa\/crisolfm\/wp-json\/wp\/v2\/types\/post"}],"author":[{"embeddable":true,"href":"https:\/\/sertv.gob.pa\/crisolfm\/wp-json\/wp\/v2\/users\/64"}],"replies":[{"embeddable":true,"href":"https:\/\/sertv.gob.pa\/crisolfm\/wp-json\/wp\/v2\/comments?post=15759"}],"version-history":[{"count":1,"href":"https:\/\/sertv.gob.pa\/crisolfm\/wp-json\/wp\/v2\/posts\/15759\/revisions"}],"predecessor-version":[{"id":15762,"href":"https:\/\/sertv.gob.pa\/crisolfm\/wp-json\/wp\/v2\/posts\/15759\/revisions\/15762"}],"wp:featuredmedia":[{"embeddable":true,"href":"https:\/\/sertv.gob.pa\/crisolfm\/wp-json\/wp\/v2\/media\/15761"}],"wp:attachment":[{"href":"https:\/\/sertv.gob.pa\/crisolfm\/wp-json\/wp\/v2\/media?parent=15759"}],"wp:term":[{"taxonomy":"category","embeddable":true,"href":"https:\/\/sertv.gob.pa\/crisolfm\/wp-json\/wp\/v2\/categories?post=15759"},{"taxonomy":"post_tag","embeddable":true,"href":"https:\/\/sertv.gob.pa\/crisolfm\/wp-json\/wp\/v2\/tags?post=15759"}],"curies":[{"name":"wp","href":"https:\/\/api.w.org\/{rel}","templated":true}]}}