{"id":15787,"date":"2019-01-10T12:28:26","date_gmt":"2019-01-10T12:28:26","guid":{"rendered":"https:\/\/sertv.gob.pa\/crisolfm\/?p=15787"},"modified":"2019-01-10T12:28:26","modified_gmt":"2019-01-10T12:28:26","slug":"en-pompeya-reabre-escuela-de-los-gladiadores","status":"publish","type":"post","link":"https:\/\/sertv.gob.pa\/crisolfm\/en-pompeya-reabre-escuela-de-los-gladiadores\/","title":{"rendered":"En Pompeya reabre \u2018Escuela de los gladiadores&#8217;"},"content":{"rendered":"<p>El yacimiento arqueol\u00f3gico de Pompeya (sur de Italia) reabri\u00f3 recientemente la \u2018Escuela de los gladiadores&#8217; para que los visitantes puedan apreciar el trabajo de los expertos que se afanan en su recuperaci\u00f3n y conservaci\u00f3n tras su derrumbe en 2010. Ser\u00e1n los arque\u00f3logos y expertos que se ocupan de la restauraci\u00f3n de este espacio quienes se encarguen cada jueves de mostrar a los visitantes los progresos en su recuperaci\u00f3n, seg\u00fan inform\u00f3 un comunicado.<\/p>\n<p>La \u2018Schola Armaturarum o \u2018Escuela de los gladiadores&#8217; era probablemente un edificio de representaci\u00f3n de una asociaci\u00f3n militar que, como todo el lugar, qued\u00f3 sepultado por la violenta erupci\u00f3n del Vesubio en el 79 d.C, hasta que sali\u00f3 a la luz en una excavaci\u00f3n entre 1915 y 1916. Su funci\u00f3n militar puede deducirse por la tem\u00e1tica de los frescos y la decoraci\u00f3n, as\u00ed como por las armas que se hallaron en su interior, y los \u00faltimos hallazgos parecen confirmar esta hip\u00f3tesis. Esta joya arqueol\u00f3gica sufri\u00f3 los bombardeos de los Aliados en la Segunda Guerra Mundial y hasta quedar pr\u00e1cticamente destruida en 1943, perdiendo su parte superior y mucha de su rica decoraci\u00f3n. Un a\u00f1o m\u00e1s tarde se procedi\u00f3 a una reconstrucci\u00f3n integral de sus paredes.<\/p>\n<p>EFE<\/p>\n","protected":false},"excerpt":{"rendered":"<p>El yacimiento arqueol\u00f3gico de Pompeya (sur de Italia) reabri\u00f3 recientemente <a href=\"https:\/\/sertv.gob.pa\/crisolfm\/en-pompeya-reabre-escuela-de-los-gladiadores\/\"> [&#8230;]<\/a><\/p>\n","protected":false},"author":64,"featured_media":15789,"comment_status":"closed","ping_status":"closed","sticky":false,"template":"","format":"standard","meta":{"footnotes":""},"categories":[6],"tags":[],"class_list":["post-15787","post","type-post","status-publish","format-standard","has-post-thumbnail","hentry","category-culturales"],"_links":{"self":[{"href":"https:\/\/sertv.gob.pa\/crisolfm\/wp-json\/wp\/v2\/posts\/15787","targetHints":{"allow":["GET"]}}],"collection":[{"href":"https:\/\/sertv.gob.pa\/crisolfm\/wp-json\/wp\/v2\/posts"}],"about":[{"href":"https:\/\/sertv.gob.pa\/crisolfm\/wp-json\/wp\/v2\/types\/post"}],"author":[{"embeddable":true,"href":"https:\/\/sertv.gob.pa\/crisolfm\/wp-json\/wp\/v2\/users\/64"}],"replies":[{"embeddable":true,"href":"https:\/\/sertv.gob.pa\/crisolfm\/wp-json\/wp\/v2\/comments?post=15787"}],"version-history":[{"count":1,"href":"https:\/\/sertv.gob.pa\/crisolfm\/wp-json\/wp\/v2\/posts\/15787\/revisions"}],"predecessor-version":[{"id":15790,"href":"https:\/\/sertv.gob.pa\/crisolfm\/wp-json\/wp\/v2\/posts\/15787\/revisions\/15790"}],"wp:featuredmedia":[{"embeddable":true,"href":"https:\/\/sertv.gob.pa\/crisolfm\/wp-json\/wp\/v2\/media\/15789"}],"wp:attachment":[{"href":"https:\/\/sertv.gob.pa\/crisolfm\/wp-json\/wp\/v2\/media?parent=15787"}],"wp:term":[{"taxonomy":"category","embeddable":true,"href":"https:\/\/sertv.gob.pa\/crisolfm\/wp-json\/wp\/v2\/categories?post=15787"},{"taxonomy":"post_tag","embeddable":true,"href":"https:\/\/sertv.gob.pa\/crisolfm\/wp-json\/wp\/v2\/tags?post=15787"}],"curies":[{"name":"wp","href":"https:\/\/api.w.org\/{rel}","templated":true}]}}