{"id":15795,"date":"2019-01-10T13:01:49","date_gmt":"2019-01-10T13:01:49","guid":{"rendered":"https:\/\/sertv.gob.pa\/crisolfm\/?p=15795"},"modified":"2019-01-10T13:01:49","modified_gmt":"2019-01-10T13:01:49","slug":"desfile-de-las-mil-polleras-este-12-de-enero","status":"publish","type":"post","link":"https:\/\/sertv.gob.pa\/crisolfm\/desfile-de-las-mil-polleras-este-12-de-enero\/","title":{"rendered":"Desfile de las mil Polleras este 12 de enero"},"content":{"rendered":"<p>El pr\u00f3ximo s\u00e1bado 12 de enero se realizar\u00e1 el desfile de las \u2018Mil Polleras\u2019 en\u00a0Las Tablas, provincia de Los Santos, evento que reunir\u00e1 a m\u00e1s de 17,000 mujeres vistiendo el traje\u00a0que es considerado como uno de los m\u00e1s hermosos y costosos del mundo.<\/p>\n<p>Gustavo Him, administrador de la Autoridad de Turismo de Panam\u00e1 (ATP), dijo que en la novena edici\u00f3n del desfile se espera que asistan m\u00e1s de 200 mil personas, entre nacionales y extranjeros, sobrepasando as\u00ed la cifra de a\u00f1os anteriores. \u201cPara nosotros es un orgullo recibir a todos los visitantes, en especial a los peregrinos de la Jornada Mundial de la Juventud, ya que podr\u00e1n conocer sobre nuestra cultura y tradiciones\u201d.\u00a0\u00a0\u00a0 El abanderado del desfile ser\u00e1 el acordeonista Osvaldo Ayala.<\/p>\n<p>&nbsp;<\/p>\n","protected":false},"excerpt":{"rendered":"<p>El pr\u00f3ximo s\u00e1bado 12 de enero se realizar\u00e1 el desfile <a href=\"https:\/\/sertv.gob.pa\/crisolfm\/desfile-de-las-mil-polleras-este-12-de-enero\/\"> [&#8230;]<\/a><\/p>\n","protected":false},"author":64,"featured_media":15797,"comment_status":"closed","ping_status":"closed","sticky":false,"template":"","format":"standard","meta":{"footnotes":""},"categories":[6],"tags":[],"class_list":["post-15795","post","type-post","status-publish","format-standard","has-post-thumbnail","hentry","category-culturales"],"_links":{"self":[{"href":"https:\/\/sertv.gob.pa\/crisolfm\/wp-json\/wp\/v2\/posts\/15795","targetHints":{"allow":["GET"]}}],"collection":[{"href":"https:\/\/sertv.gob.pa\/crisolfm\/wp-json\/wp\/v2\/posts"}],"about":[{"href":"https:\/\/sertv.gob.pa\/crisolfm\/wp-json\/wp\/v2\/types\/post"}],"author":[{"embeddable":true,"href":"https:\/\/sertv.gob.pa\/crisolfm\/wp-json\/wp\/v2\/users\/64"}],"replies":[{"embeddable":true,"href":"https:\/\/sertv.gob.pa\/crisolfm\/wp-json\/wp\/v2\/comments?post=15795"}],"version-history":[{"count":1,"href":"https:\/\/sertv.gob.pa\/crisolfm\/wp-json\/wp\/v2\/posts\/15795\/revisions"}],"predecessor-version":[{"id":15798,"href":"https:\/\/sertv.gob.pa\/crisolfm\/wp-json\/wp\/v2\/posts\/15795\/revisions\/15798"}],"wp:featuredmedia":[{"embeddable":true,"href":"https:\/\/sertv.gob.pa\/crisolfm\/wp-json\/wp\/v2\/media\/15797"}],"wp:attachment":[{"href":"https:\/\/sertv.gob.pa\/crisolfm\/wp-json\/wp\/v2\/media?parent=15795"}],"wp:term":[{"taxonomy":"category","embeddable":true,"href":"https:\/\/sertv.gob.pa\/crisolfm\/wp-json\/wp\/v2\/categories?post=15795"},{"taxonomy":"post_tag","embeddable":true,"href":"https:\/\/sertv.gob.pa\/crisolfm\/wp-json\/wp\/v2\/tags?post=15795"}],"curies":[{"name":"wp","href":"https:\/\/api.w.org\/{rel}","templated":true}]}}