{"id":15823,"date":"2019-01-11T12:18:41","date_gmt":"2019-01-11T12:18:41","guid":{"rendered":"https:\/\/sertv.gob.pa\/crisolfm\/?p=15823"},"modified":"2019-01-11T12:18:41","modified_gmt":"2019-01-11T12:18:41","slug":"inicia-feria-de-las-flores-y-del-cafe-en-boquete","status":"publish","type":"post","link":"https:\/\/sertv.gob.pa\/crisolfm\/inicia-feria-de-las-flores-y-del-cafe-en-boquete\/","title":{"rendered":"Inicia Feria de las Flores y del Caf\u00e9 en Boquete"},"content":{"rendered":"<p>Unos <strong>5 millones de d\u00f3lares genera la Feria de las Flores y del Caf\u00e9<\/strong> a la e<strong>conom\u00eda de la provincia de Chiriqu\u00ed<\/strong> a partir de este<strong> jueves 10 hasta el pr\u00f3ximo 20 de enero de 2019<\/strong>, cuando finalice la actividad donde se espera sea visitada por<strong> unas 170 mil personas.<\/strong><\/p>\n<p><strong>Rodrigo Marciaq<\/strong>, presidente del Patronato de la <strong>Feria de las Flores y del Caf\u00e9<\/strong>, indic\u00f3 que a <strong>partir de este jueves<\/strong> abri\u00f3 las pu<strong>ertas este evento\u00a0con 23 jardines<\/strong>, 1<strong>2 maceteros y 4 jardines colgantes<\/strong>, las cuales tien<strong>en una diversidad de flores procedentes de Europa y los Estados Unidos.<\/strong> Marciaq a\u00f1adi\u00f3 que durante<strong> los 11 d\u00edas de feria<\/strong>, los visitantes pueden apreciar los di<strong>stintos pabellones donde hay artesanos nacionales y centroameric<\/strong>anos, sumado a\u00a0expositores\u00a0y restaurantes.<\/p>\n<p>&nbsp;<\/p>\n","protected":false},"excerpt":{"rendered":"<p>Unos 5 millones de d\u00f3lares genera la Feria de las <a href=\"https:\/\/sertv.gob.pa\/crisolfm\/inicia-feria-de-las-flores-y-del-cafe-en-boquete\/\"> [&#8230;]<\/a><\/p>\n","protected":false},"author":64,"featured_media":15825,"comment_status":"closed","ping_status":"closed","sticky":false,"template":"","format":"standard","meta":{"footnotes":""},"categories":[6],"tags":[],"class_list":["post-15823","post","type-post","status-publish","format-standard","has-post-thumbnail","hentry","category-culturales"],"_links":{"self":[{"href":"https:\/\/sertv.gob.pa\/crisolfm\/wp-json\/wp\/v2\/posts\/15823","targetHints":{"allow":["GET"]}}],"collection":[{"href":"https:\/\/sertv.gob.pa\/crisolfm\/wp-json\/wp\/v2\/posts"}],"about":[{"href":"https:\/\/sertv.gob.pa\/crisolfm\/wp-json\/wp\/v2\/types\/post"}],"author":[{"embeddable":true,"href":"https:\/\/sertv.gob.pa\/crisolfm\/wp-json\/wp\/v2\/users\/64"}],"replies":[{"embeddable":true,"href":"https:\/\/sertv.gob.pa\/crisolfm\/wp-json\/wp\/v2\/comments?post=15823"}],"version-history":[{"count":1,"href":"https:\/\/sertv.gob.pa\/crisolfm\/wp-json\/wp\/v2\/posts\/15823\/revisions"}],"predecessor-version":[{"id":15826,"href":"https:\/\/sertv.gob.pa\/crisolfm\/wp-json\/wp\/v2\/posts\/15823\/revisions\/15826"}],"wp:featuredmedia":[{"embeddable":true,"href":"https:\/\/sertv.gob.pa\/crisolfm\/wp-json\/wp\/v2\/media\/15825"}],"wp:attachment":[{"href":"https:\/\/sertv.gob.pa\/crisolfm\/wp-json\/wp\/v2\/media?parent=15823"}],"wp:term":[{"taxonomy":"category","embeddable":true,"href":"https:\/\/sertv.gob.pa\/crisolfm\/wp-json\/wp\/v2\/categories?post=15823"},{"taxonomy":"post_tag","embeddable":true,"href":"https:\/\/sertv.gob.pa\/crisolfm\/wp-json\/wp\/v2\/tags?post=15823"}],"curies":[{"name":"wp","href":"https:\/\/api.w.org\/{rel}","templated":true}]}}