{"id":15831,"date":"2019-01-11T12:31:58","date_gmt":"2019-01-11T12:31:58","guid":{"rendered":"https:\/\/sertv.gob.pa\/crisolfm\/?p=15831"},"modified":"2019-01-11T12:31:58","modified_gmt":"2019-01-11T12:31:58","slug":"arte-experimental-ultimos-dias-para-inscribirse-en-voces-en-accion","status":"publish","type":"post","link":"https:\/\/sertv.gob.pa\/crisolfm\/arte-experimental-ultimos-dias-para-inscribirse-en-voces-en-accion\/","title":{"rendered":"Arte experimental: \u00faltimos d\u00edas para inscribirse en &#8216;Voces en acci\u00f3n&#8217;"},"content":{"rendered":"<p>La fundaci\u00f3n de arte contempor\u00e1neo Casa Santa Ana invita a personas trabajando en cualquier medio creativo a inscribirse hasta este 15 de enero en el segundo taller gratuito del proyecto \u201cVoces en acci\u00f3n\u201d. Dirigido por la reconocida dupleta de artistas <a href=\"https:\/\/www.guggenheim.org\/artwork\/artist\/donna-conlon-and-jonathan-harker\" target=\"_blank\" rel=\"noopener\">Donna Conlon y Jonathan Harker<\/a>, este taller pretende reivindicar lo valioso del naufragio y la deriva en el viaje de exploraci\u00f3n y aprendizaje que es el proceso creativo,\u00a0indica una nota de Casa Santa Ana. Para lograrlo, los participantes realizar\u00e1n ejercicios pr\u00e1cticos, estudios de casos ejemplares y contar\u00e1n con intervenciones de creadores invitados, entre otras din\u00e1micas.<\/p>\n<p>\u00abEl taller es gratuito y fue dise\u00f1ado para un m\u00e1ximo de 12 participantes, que deben estar interesados en generar contenido cr\u00edtico y anal\u00edtico, que utiliza la belleza formal para cuestionar problem\u00e1ticas sociopol\u00edticas\u00bb, se\u00f1ala la fundaci\u00f3n. El taller, que propiciar\u00e1 un ambiente de di\u00e1logo abierto y cr\u00edtica constructiva para que cada participante desarrolle su propio discurso art\u00edstico, se realizar\u00e1 en el Centro Cultural de Espa\u00f1a-Casa del Soldado y tendr\u00e1 una duraci\u00f3n de 6 sesiones, iniciando el martes 5 de febrero. Los interesados deben enviar su informaci\u00f3n a trav\u00e9s de la p\u00e1gina <a href=\"http:\/\/casaworkshops.com\/formulario-2019-enero\/\" target=\"_blank\" rel=\"noopener\">casaworkshops.com<\/a> a m\u00e1s tardar el 15 de enero. Los cupos se confirmar\u00e1n el 20 de enero.<\/p>\n<p>&nbsp;<\/p>\n","protected":false},"excerpt":{"rendered":"<p>La fundaci\u00f3n de arte contempor\u00e1neo Casa Santa Ana invita a <a href=\"https:\/\/sertv.gob.pa\/crisolfm\/arte-experimental-ultimos-dias-para-inscribirse-en-voces-en-accion\/\"> [&#8230;]<\/a><\/p>\n","protected":false},"author":64,"featured_media":15833,"comment_status":"closed","ping_status":"closed","sticky":false,"template":"","format":"standard","meta":{"footnotes":""},"categories":[6],"tags":[],"class_list":["post-15831","post","type-post","status-publish","format-standard","has-post-thumbnail","hentry","category-culturales"],"_links":{"self":[{"href":"https:\/\/sertv.gob.pa\/crisolfm\/wp-json\/wp\/v2\/posts\/15831","targetHints":{"allow":["GET"]}}],"collection":[{"href":"https:\/\/sertv.gob.pa\/crisolfm\/wp-json\/wp\/v2\/posts"}],"about":[{"href":"https:\/\/sertv.gob.pa\/crisolfm\/wp-json\/wp\/v2\/types\/post"}],"author":[{"embeddable":true,"href":"https:\/\/sertv.gob.pa\/crisolfm\/wp-json\/wp\/v2\/users\/64"}],"replies":[{"embeddable":true,"href":"https:\/\/sertv.gob.pa\/crisolfm\/wp-json\/wp\/v2\/comments?post=15831"}],"version-history":[{"count":1,"href":"https:\/\/sertv.gob.pa\/crisolfm\/wp-json\/wp\/v2\/posts\/15831\/revisions"}],"predecessor-version":[{"id":15834,"href":"https:\/\/sertv.gob.pa\/crisolfm\/wp-json\/wp\/v2\/posts\/15831\/revisions\/15834"}],"wp:featuredmedia":[{"embeddable":true,"href":"https:\/\/sertv.gob.pa\/crisolfm\/wp-json\/wp\/v2\/media\/15833"}],"wp:attachment":[{"href":"https:\/\/sertv.gob.pa\/crisolfm\/wp-json\/wp\/v2\/media?parent=15831"}],"wp:term":[{"taxonomy":"category","embeddable":true,"href":"https:\/\/sertv.gob.pa\/crisolfm\/wp-json\/wp\/v2\/categories?post=15831"},{"taxonomy":"post_tag","embeddable":true,"href":"https:\/\/sertv.gob.pa\/crisolfm\/wp-json\/wp\/v2\/tags?post=15831"}],"curies":[{"name":"wp","href":"https:\/\/api.w.org\/{rel}","templated":true}]}}