{"id":15864,"date":"2019-01-12T00:00:31","date_gmt":"2019-01-12T00:00:31","guid":{"rendered":"https:\/\/sertv.gob.pa\/crisolfm\/?p=15864"},"modified":"2019-01-11T13:45:44","modified_gmt":"2019-01-11T13:45:44","slug":"111-peliculas-se-proyectaran-en-el-festival-de-cine-pobre","status":"publish","type":"post","link":"https:\/\/sertv.gob.pa\/crisolfm\/111-peliculas-se-proyectaran-en-el-festival-de-cine-pobre\/","title":{"rendered":"111 pel\u00edculas se proyectar\u00e1n en el Festival de Cine Pobre"},"content":{"rendered":"<p>La VI\u00a0edici\u00f3n del Festival de Cine Pobre Panalandia se realizar\u00e1 del 13 al 16 de febrero de 2019 en los predios de la Fundaci\u00f3n Omar Torrijos (Anc\u00f3n) desde las 4:00 p.m., hasta las 12:00 a.m., con espacios de talleres, conversatorios, muestras de cine, comidas y conciertos entre otras actividades.\u00a0La Fundaci\u00f3n Mente P\u00fablica capacit\u00f3 a curundue\u00f1os\u00a0en gesti\u00f3n de proyectos, para construir una Carpa de Cine Comunitaria, donde se presentar\u00e1 un programa de cine dise\u00f1ado para esa comunidad.<\/p>\n<p>Tendr\u00e1n un programa de formaci\u00f3n recargado con el espacio de Mercadito Audiovisual, donde se fortalecer\u00e1n 10 proyectos de cine en desarrollo. Igualmente har\u00e1n homenaje a Carlos Nieto, pionero del cine en Panam\u00e1, donde se presentar\u00e1n sus trabajos.<\/p>\n<p>&nbsp;<\/p>\n","protected":false},"excerpt":{"rendered":"<p>La VI\u00a0edici\u00f3n del Festival de Cine Pobre Panalandia se realizar\u00e1 <a href=\"https:\/\/sertv.gob.pa\/crisolfm\/111-peliculas-se-proyectaran-en-el-festival-de-cine-pobre\/\"> [&#8230;]<\/a><\/p>\n","protected":false},"author":64,"featured_media":15866,"comment_status":"closed","ping_status":"closed","sticky":false,"template":"","format":"standard","meta":{"footnotes":""},"categories":[6],"tags":[],"class_list":["post-15864","post","type-post","status-publish","format-standard","has-post-thumbnail","hentry","category-culturales"],"_links":{"self":[{"href":"https:\/\/sertv.gob.pa\/crisolfm\/wp-json\/wp\/v2\/posts\/15864","targetHints":{"allow":["GET"]}}],"collection":[{"href":"https:\/\/sertv.gob.pa\/crisolfm\/wp-json\/wp\/v2\/posts"}],"about":[{"href":"https:\/\/sertv.gob.pa\/crisolfm\/wp-json\/wp\/v2\/types\/post"}],"author":[{"embeddable":true,"href":"https:\/\/sertv.gob.pa\/crisolfm\/wp-json\/wp\/v2\/users\/64"}],"replies":[{"embeddable":true,"href":"https:\/\/sertv.gob.pa\/crisolfm\/wp-json\/wp\/v2\/comments?post=15864"}],"version-history":[{"count":1,"href":"https:\/\/sertv.gob.pa\/crisolfm\/wp-json\/wp\/v2\/posts\/15864\/revisions"}],"predecessor-version":[{"id":15867,"href":"https:\/\/sertv.gob.pa\/crisolfm\/wp-json\/wp\/v2\/posts\/15864\/revisions\/15867"}],"wp:featuredmedia":[{"embeddable":true,"href":"https:\/\/sertv.gob.pa\/crisolfm\/wp-json\/wp\/v2\/media\/15866"}],"wp:attachment":[{"href":"https:\/\/sertv.gob.pa\/crisolfm\/wp-json\/wp\/v2\/media?parent=15864"}],"wp:term":[{"taxonomy":"category","embeddable":true,"href":"https:\/\/sertv.gob.pa\/crisolfm\/wp-json\/wp\/v2\/categories?post=15864"},{"taxonomy":"post_tag","embeddable":true,"href":"https:\/\/sertv.gob.pa\/crisolfm\/wp-json\/wp\/v2\/tags?post=15864"}],"curies":[{"name":"wp","href":"https:\/\/api.w.org\/{rel}","templated":true}]}}